{"id":97119,"date":"2023-02-06T14:33:06","date_gmt":"2023-02-06T13:33:06","guid":{"rendered":"https:\/\/opusurbain.com\/?p=97119"},"modified":"2023-02-16T10:49:12","modified_gmt":"2023-02-16T09:49:12","slug":"le-jardin-naturel-et-ecologique-ville-devreux","status":"publish","type":"post","link":"https:\/\/opusurbain.com\/index.php\/2023\/02\/06\/le-jardin-naturel-et-ecologique-ville-devreux\/","title":{"rendered":"Le jardin naturel et \u00e9cologique &#8211; Ville d&rsquo;Evreux"},"content":{"rendered":"[et_pb_section fb_built=\u00a0\u00bb1&Prime; admin_label=\u00a0\u00bbsection\u00a0\u00bb _builder_version=\u00a0\u00bb4.16&Prime; global_colors_info=\u00a0\u00bb{}\u00a0\u00bb][et_pb_row admin_label=\u00a0\u00bbrow\u00a0\u00bb _builder_version=\u00a0\u00bb4.16&Prime; background_size=\u00a0\u00bbinitial\u00a0\u00bb background_position=\u00a0\u00bbtop_left\u00a0\u00bb background_repeat=\u00a0\u00bbrepeat\u00a0\u00bb global_colors_info=\u00a0\u00bb{}\u00a0\u00bb][et_pb_column type=\u00a0\u00bb4_4&Prime; _builder_version=\u00a0\u00bb4.16&Prime; custom_padding=\u00a0\u00bb|||\u00a0\u00bb global_colors_info=\u00a0\u00bb{}\u00a0\u00bb custom_padding__hover=\u00a0\u00bb|||\u00a0\u00bb][et_pb_text admin_label=\u00a0\u00bbText\u00a0\u00bb _builder_version=\u00a0\u00bb4.16&Prime; background_size=\u00a0\u00bbinitial\u00a0\u00bb background_position=\u00a0\u00bbtop_left\u00a0\u00bb background_repeat=\u00a0\u00bbrepeat\u00a0\u00bb global_colors_info=\u00a0\u00bb{}\u00a0\u00bb]<p><\/p>\n<p><\/p>\n<p><\/p>\n<figure class=\"wp-block-image size-full\"><img decoding=\"async\" width=\"1200\" height=\"760\" data-src=\"https:\/\/opusurbain.com\/wp-content\/uploads\/2023\/02\/Croquis-vue-aerienne-jardin-botanique_v03.jpg\" alt=\"\" class=\"wp-image-96987 lazyload\" data-srcset=\"https:\/\/opusurbain.com\/wp-content\/uploads\/2023\/02\/Croquis-vue-aerienne-jardin-botanique_v03.jpg 1200w, https:\/\/opusurbain.com\/wp-content\/uploads\/2023\/02\/Croquis-vue-aerienne-jardin-botanique_v03-980x621.jpg 980w, https:\/\/opusurbain.com\/wp-content\/uploads\/2023\/02\/Croquis-vue-aerienne-jardin-botanique_v03-480x304.jpg 480w\" data-sizes=\"(min-width: 0px) and (max-width: 480px) 480px, (min-width: 481px) and (max-width: 980px) 980px, (min-width: 981px) 1200px, 100vw\" src=\"data:image\/svg+xml;base64,PHN2ZyB3aWR0aD0iMSIgaGVpZ2h0PSIxIiB4bWxucz0iaHR0cDovL3d3dy53My5vcmcvMjAwMC9zdmciPjwvc3ZnPg==\" style=\"--smush-placeholder-width: 1200px; --smush-placeholder-aspect-ratio: 1200\/760;\" \/><\/figure>\n<p><\/p>\n<p><\/p>\n<p>Opus Urbain \u00e0 \u00e9t\u00e9 missionn\u00e9 par la ville d\u2019Evreux afin d\u2019imaginer l\u2019\u00e9volution d\u2019une parcelle de 2500m\u00b2 au c\u0153ur du jardin botanique, en contact avec l\u2019ancien couvent des Capucins. La parcelle accueille l\u2019\u0153uvre artistique de \u00ab\u00a0l\u2019Arbre aux oiseaux\u00a0\u00bb.<\/p>\n<p>Notre \u00e9quipe a pris le parti de proposer et de concevoir un jardin qui soit un v\u00e9ritable <strong>manifeste \u00e9colo\u00adgique<\/strong> venant affirmer l&rsquo;engagement environne\u00admental port\u00e9 par la ville depuis plusieurs ann\u00e9es.<\/p>\n<p>La cr\u00e9ation de ce jardin \u00e9cologique, dit \u00ab Le refuge \u00bb, s\u2019apparente \u00e0 un <strong>sanctuaire de biodiversit\u00e9<\/strong>. Il vient compl\u00e9ter la richesse programmatique du jardin botanique et de la serre tropicale \u00e0 travers un am\u00e9nagement offrant une diversit\u00e9 de micro-lieux et d\u2019\u00e9cosyst\u00e8mes favorable au d\u00e9veloppement de la faune et flore locale : mare, prairie des papillons, bosquet, enrochements, clairi\u00e8re, etc. Une parti des espaces sont rendus non accessibles et non entretenus, afin de ne pas perturber les processus de reproduction et le processus de d\u00e9veloppement v\u00e9g\u00e9tal.<\/p>\n<p>Un espace plus ouvert, organis\u00e9 autour d\u2019un grand mobilier sera support de p\u00e9dagogie, notamment \u00e0 l\u2019intention des \u00e9coles. Il agira comme un observatoire tourn\u00e9 vers les g\u00e9n\u00e9rations futures dans un objectif de sensibilisation aux \u00e9cosyst\u00e8mes et \u00e0 la biodiversit\u00e9 en milieu urbain. L\u2019entretien sera assur\u00e9 par les services de la Ville.<\/p>\n<p>Dans un troisi\u00e8me volet de programmation, le jardin accueillera une grande terrasse am\u00e9nag\u00e9e en espace de r\u00e9ception pour la Ville d\u2019Evreux, dans le cadre de la revalorisation de la salle de danse (pavillon ancien).<\/p>\n<p>&nbsp;<\/p>\n<p><strong>CONTEXTE:<\/strong>\u00a0 Parc botanique d\u2019Evreux. Centre-ville d\u2019Evreux (27)<\/p>\n<p><strong>SUPERFICIE: <\/strong>\u00a02500 m\u00b2<\/p>\n<p><strong>COUT:<\/strong>\u00a0 230 K\u20ac HT<\/p>\n<p><strong>MA\u00eeTRISE D\u2019OUVRAGE :<\/strong>\u00a0 Ville d\u2019Evreux<\/p>\n<p><strong>MA\u00eeTRISE D\u2019\u0152UVRE: <\/strong>\u00a0OPUS URBAIN<\/p>\n<p><strong>MISSION :<\/strong>\u00a0 Misson de ma\u00eetrise d\u2019\u0153uvre<\/p>\n<p><strong>CALENDRIER :\u00a0 <\/strong>\u00a0Travaux pr\u00e9vus en 2024 apr\u00e8s validation par les habitants\u00a0\u00a0<\/p>\n<p><\/p>\n<figure class=\"wp-block-image size-full\"><img decoding=\"async\" width=\"2560\" height=\"1810\" data-src=\"https:\/\/opusurbain.com\/wp-content\/uploads\/2023\/02\/EPN_Jardin-botanique_ESQ_Analyse-et-Enjeux_A-TEJ2-1-scaled.jpg\" alt=\"\" class=\"wp-image-97132 lazyload\" data-srcset=\"https:\/\/opusurbain.com\/wp-content\/uploads\/2023\/02\/EPN_Jardin-botanique_ESQ_Analyse-et-Enjeux_A-TEJ2-1-scaled.jpg 2560w, https:\/\/opusurbain.com\/wp-content\/uploads\/2023\/02\/EPN_Jardin-botanique_ESQ_Analyse-et-Enjeux_A-TEJ2-1-1280x905.jpg 1280w, https:\/\/opusurbain.com\/wp-content\/uploads\/2023\/02\/EPN_Jardin-botanique_ESQ_Analyse-et-Enjeux_A-TEJ2-1-980x693.jpg 980w, https:\/\/opusurbain.com\/wp-content\/uploads\/2023\/02\/EPN_Jardin-botanique_ESQ_Analyse-et-Enjeux_A-TEJ2-1-480x339.jpg 480w\" data-sizes=\"(min-width: 0px) and (max-width: 480px) 480px, (min-width: 481px) and (max-width: 980px) 980px, (min-width: 981px) and (max-width: 1280px) 1280px, (min-width: 1281px) 2560px, 100vw\" src=\"data:image\/svg+xml;base64,PHN2ZyB3aWR0aD0iMSIgaGVpZ2h0PSIxIiB4bWxucz0iaHR0cDovL3d3dy53My5vcmcvMjAwMC9zdmciPjwvc3ZnPg==\" style=\"--smush-placeholder-width: 2560px; --smush-placeholder-aspect-ratio: 2560\/1810;\" \/><\/figure>\n<p><\/p>[\/et_pb_text][\/et_pb_column][\/et_pb_row][\/et_pb_section]","protected":false},"excerpt":{"rendered":"<p>Opus Urbain \u00e0 \u00e9t\u00e9 missionn\u00e9 par la ville d\u2019Evreux afin d\u2019imaginer l\u2019\u00e9volution d\u2019une parcelle de 2500m\u00b2 au c\u0153ur du jardin botanique, en contact avec l\u2019ancien couvent des Capucins. La parcelle accueille l\u2019\u0153uvre artistique de \u00ab\u00a0l\u2019Arbre aux oiseaux\u00a0\u00bb. Notre \u00e9quipe a pris le parti de proposer et de concevoir un jardin qui soit un v\u00e9ritable manifeste [&hellip;]<\/p>\n","protected":false},"author":4,"featured_media":0,"comment_status":"open","ping_status":"open","sticky":false,"template":"","format":"standard","meta":{"_et_pb_use_builder":"on","_et_pb_old_content":"<!-- wp:paragraph -->\n<p><\/p>\n<!-- \/wp:paragraph -->\n\n<!-- wp:image {\"id\":96987,\"sizeSlug\":\"full\",\"linkDestination\":\"none\"} -->\n<figure class=\"wp-block-image size-full\"><img src=\"https:\/\/opusurbain.com\/wp-content\/uploads\/2023\/02\/Croquis-vue-aerienne-jardin-botanique_v03.jpg\" alt=\"\" class=\"wp-image-96987\"\/><\/figure>\n<!-- \/wp:image -->\n\n<!-- wp:paragraph -->\n<p>Opus urbain \u00e0 \u00e9t\u00e9 missionn\u00e9 par la ville d\u2019Evreux afin d\u2019imaginer le futur de son jardin botanique. L\u2019objectif \u00e9tait de r\u00e9fl\u00e9chir \u00e0 l\u2019am\u00e9nagement d\u2019une parcelle de 2500m\u00b2 au sein du jardin botanique et \u00e0 proximit\u00e9 de l\u2019ancien couvent des Capucins, afin d\u2019accompagner l\u2019\u0153uvre de \u00ab&nbsp;l\u2019Arbre aux oiseaux&nbsp;\u00bb.<\/p>\n<!-- \/wp:paragraph -->\n\n<!-- wp:paragraph -->\n<p>Notre \u00e9quipe a pris le parti de proposer et de concevoir un jardin qui soit un v\u00e9ritable manifeste \u00e9colo\u00adgique venant affirmer l'engagement environne\u00admental port\u00e9 actuellement par la ville d'Evreux.<\/p>\n<!-- \/wp:paragraph -->\n\n<!-- wp:paragraph -->\n<p>La cr\u00e9ation de ce jardin \u00e9cologique, dit \u00abLe refuge\u00bb, s\u2019apparente \u00e0 un sanctuaire de biodiversit\u00e9. Il vient compl\u00e9ter la richesse programmatique du jardin botanique et de la serre tropicale \u00e0 travers un am\u00e9nagement offrant une diversit\u00e9 de micro-lieux et d\u2019\u00e9cosyst\u00e8mes favorable au d\u00e9veloppement de la faune et flore locale: mare, prairie, bosquet, enrochements, clairi\u00e8re, etc.<\/p>\n<!-- \/wp:paragraph -->\n\n<!-- wp:paragraph -->\n<p>Un espace plus ouvert, organis\u00e9 autour d\u2019un grand mobilier sera support de p\u00e9dagogie. Il agira comme un observatoire tourn\u00e9 vers les g\u00e9n\u00e9rations futures dans un objectif de sensibilisation aux \u00e9cosyst\u00e8mes et \u00e0 la biodiversit\u00e9.<\/p>\n<!-- \/wp:paragraph -->\n\n<!-- wp:paragraph -->\n<p>Dans un troisi\u00e8me volet de programmation, le jardin accueillera une grande terrasse am\u00e9nag\u00e9e en espace de r\u00e9ception et de repr\u00e9sentation pour la Ville d\u2019Evreux dans le cadre de la revalorisation de la salle de danse (pavillon ancien).<\/p>\n<!-- \/wp:paragraph -->\n\n<!-- wp:image {\"id\":97132,\"sizeSlug\":\"full\",\"linkDestination\":\"none\"} -->\n<figure class=\"wp-block-image size-full\"><img src=\"https:\/\/opusurbain.com\/wp-content\/uploads\/2023\/02\/EPN_Jardin-botanique_ESQ_Analyse-et-Enjeux_A-TEJ2-1-scaled.jpg\" alt=\"\" class=\"wp-image-97132\"\/><\/figure>\n<!-- \/wp:image -->","_et_gb_content_width":"","footnotes":""},"categories":[40],"tags":[],"class_list":["post-97119","post","type-post","status-publish","format-standard","hentry","category-news"],"yoast_head":"<!-- This site is optimized with the Yoast SEO plugin v26.7 - https:\/\/yoast.com\/wordpress\/plugins\/seo\/ -->\n<title>Le jardin naturel et \u00e9cologique - Ville d&#039;Evreux - Opus Urbain<\/title>\n<meta name=\"robots\" content=\"index, follow, max-snippet:-1, max-image-preview:large, max-video-preview:-1\" \/>\n<link rel=\"canonical\" href=\"https:\/\/opusurbain.com\/index.php\/2023\/02\/06\/le-jardin-naturel-et-ecologique-ville-devreux\/\" \/>\n<meta property=\"og:locale\" content=\"fr_FR\" \/>\n<meta property=\"og:type\" content=\"article\" \/>\n<meta property=\"og:title\" content=\"Le jardin naturel et \u00e9cologique - Ville d&#039;Evreux - Opus Urbain\" \/>\n<meta property=\"og:description\" content=\"Opus Urbain \u00e0 \u00e9t\u00e9 missionn\u00e9 par la ville d\u2019Evreux afin d\u2019imaginer l\u2019\u00e9volution d\u2019une parcelle de 2500m\u00b2 au c\u0153ur du jardin botanique, en contact avec l\u2019ancien couvent des Capucins. La parcelle accueille l\u2019\u0153uvre artistique de \u00ab\u00a0l\u2019Arbre aux oiseaux\u00a0\u00bb. Notre \u00e9quipe a pris le parti de proposer et de concevoir un jardin qui soit un v\u00e9ritable manifeste [&hellip;]\" \/>\n<meta property=\"og:url\" content=\"https:\/\/opusurbain.com\/index.php\/2023\/02\/06\/le-jardin-naturel-et-ecologique-ville-devreux\/\" \/>\n<meta property=\"og:site_name\" content=\"Opus Urbain\" \/>\n<meta property=\"article:published_time\" content=\"2023-02-06T13:33:06+00:00\" \/>\n<meta property=\"article:modified_time\" content=\"2023-02-16T09:49:12+00:00\" \/>\n<meta property=\"og:image\" content=\"https:\/\/opusurbain.com\/wp-content\/uploads\/2023\/02\/Croquis-vue-aerienne-jardin-botanique_v03.jpg\" \/>\n<meta name=\"author\" content=\"Nicolas Van Bever\" \/>\n<meta name=\"twitter:card\" content=\"summary_large_image\" \/>\n<meta name=\"twitter:label1\" content=\"\u00c9crit par\" \/>\n\t<meta name=\"twitter:data1\" content=\"Nicolas Van Bever\" \/>\n\t<meta name=\"twitter:label2\" content=\"Dur\u00e9e de lecture estim\u00e9e\" \/>\n\t<meta name=\"twitter:data2\" content=\"2 minutes\" \/>\n<script type=\"application\/ld+json\" class=\"yoast-schema-graph\">{\"@context\":\"https:\/\/schema.org\",\"@graph\":[{\"@type\":\"Article\",\"@id\":\"https:\/\/opusurbain.com\/index.php\/2023\/02\/06\/le-jardin-naturel-et-ecologique-ville-devreux\/#article\",\"isPartOf\":{\"@id\":\"https:\/\/opusurbain.com\/index.php\/2023\/02\/06\/le-jardin-naturel-et-ecologique-ville-devreux\/\"},\"author\":{\"name\":\"Nicolas Van Bever\",\"@id\":\"https:\/\/opusurbain.com\/#\/schema\/person\/96961580770793f4a5fa855ce3d38f67\"},\"headline\":\"Le jardin naturel et \u00e9cologique &#8211; Ville d&rsquo;Evreux\",\"datePublished\":\"2023-02-06T13:33:06+00:00\",\"dateModified\":\"2023-02-16T09:49:12+00:00\",\"mainEntityOfPage\":{\"@id\":\"https:\/\/opusurbain.com\/index.php\/2023\/02\/06\/le-jardin-naturel-et-ecologique-ville-devreux\/\"},\"wordCount\":399,\"commentCount\":0,\"image\":{\"@id\":\"https:\/\/opusurbain.com\/index.php\/2023\/02\/06\/le-jardin-naturel-et-ecologique-ville-devreux\/#primaryimage\"},\"thumbnailUrl\":\"https:\/\/opusurbain.com\/wp-content\/uploads\/2023\/02\/Croquis-vue-aerienne-jardin-botanique_v03.jpg\",\"articleSection\":[\"news\"],\"inLanguage\":\"fr-FR\",\"potentialAction\":[{\"@type\":\"CommentAction\",\"name\":\"Comment\",\"target\":[\"https:\/\/opusurbain.com\/index.php\/2023\/02\/06\/le-jardin-naturel-et-ecologique-ville-devreux\/#respond\"]}]},{\"@type\":\"WebPage\",\"@id\":\"https:\/\/opusurbain.com\/index.php\/2023\/02\/06\/le-jardin-naturel-et-ecologique-ville-devreux\/\",\"url\":\"https:\/\/opusurbain.com\/index.php\/2023\/02\/06\/le-jardin-naturel-et-ecologique-ville-devreux\/\",\"name\":\"Le jardin naturel et \u00e9cologique - Ville d'Evreux - Opus Urbain\",\"isPartOf\":{\"@id\":\"https:\/\/opusurbain.com\/#website\"},\"primaryImageOfPage\":{\"@id\":\"https:\/\/opusurbain.com\/index.php\/2023\/02\/06\/le-jardin-naturel-et-ecologique-ville-devreux\/#primaryimage\"},\"image\":{\"@id\":\"https:\/\/opusurbain.com\/index.php\/2023\/02\/06\/le-jardin-naturel-et-ecologique-ville-devreux\/#primaryimage\"},\"thumbnailUrl\":\"https:\/\/opusurbain.com\/wp-content\/uploads\/2023\/02\/Croquis-vue-aerienne-jardin-botanique_v03.jpg\",\"datePublished\":\"2023-02-06T13:33:06+00:00\",\"dateModified\":\"2023-02-16T09:49:12+00:00\",\"author\":{\"@id\":\"https:\/\/opusurbain.com\/#\/schema\/person\/96961580770793f4a5fa855ce3d38f67\"},\"breadcrumb\":{\"@id\":\"https:\/\/opusurbain.com\/index.php\/2023\/02\/06\/le-jardin-naturel-et-ecologique-ville-devreux\/#breadcrumb\"},\"inLanguage\":\"fr-FR\",\"potentialAction\":[{\"@type\":\"ReadAction\",\"target\":[\"https:\/\/opusurbain.com\/index.php\/2023\/02\/06\/le-jardin-naturel-et-ecologique-ville-devreux\/\"]}]},{\"@type\":\"ImageObject\",\"inLanguage\":\"fr-FR\",\"@id\":\"https:\/\/opusurbain.com\/index.php\/2023\/02\/06\/le-jardin-naturel-et-ecologique-ville-devreux\/#primaryimage\",\"url\":\"https:\/\/opusurbain.com\/wp-content\/uploads\/2023\/02\/Croquis-vue-aerienne-jardin-botanique_v03.jpg\",\"contentUrl\":\"https:\/\/opusurbain.com\/wp-content\/uploads\/2023\/02\/Croquis-vue-aerienne-jardin-botanique_v03.jpg\",\"width\":1200,\"height\":760},{\"@type\":\"BreadcrumbList\",\"@id\":\"https:\/\/opusurbain.com\/index.php\/2023\/02\/06\/le-jardin-naturel-et-ecologique-ville-devreux\/#breadcrumb\",\"itemListElement\":[{\"@type\":\"ListItem\",\"position\":1,\"name\":\"Accueil\",\"item\":\"https:\/\/opusurbain.com\/\"},{\"@type\":\"ListItem\",\"position\":2,\"name\":\"Le jardin naturel et \u00e9cologique &#8211; Ville d&rsquo;Evreux\"}]},{\"@type\":\"WebSite\",\"@id\":\"https:\/\/opusurbain.com\/#website\",\"url\":\"https:\/\/opusurbain.com\/\",\"name\":\"Opus Urbain\",\"description\":\"paysage\/urbanisme\/\u00e9cologie\",\"potentialAction\":[{\"@type\":\"SearchAction\",\"target\":{\"@type\":\"EntryPoint\",\"urlTemplate\":\"https:\/\/opusurbain.com\/?s={search_term_string}\"},\"query-input\":{\"@type\":\"PropertyValueSpecification\",\"valueRequired\":true,\"valueName\":\"search_term_string\"}}],\"inLanguage\":\"fr-FR\"},{\"@type\":\"Person\",\"@id\":\"https:\/\/opusurbain.com\/#\/schema\/person\/96961580770793f4a5fa855ce3d38f67\",\"name\":\"Nicolas Van Bever\",\"image\":{\"@type\":\"ImageObject\",\"inLanguage\":\"fr-FR\",\"@id\":\"https:\/\/opusurbain.com\/#\/schema\/person\/image\/\",\"url\":\"https:\/\/secure.gravatar.com\/avatar\/0fbc6bbadba8ae6de8d70740abeecedc609c1655c6cb13dc6f0c9f0f27967900?s=96&d=mm&r=g\",\"contentUrl\":\"https:\/\/secure.gravatar.com\/avatar\/0fbc6bbadba8ae6de8d70740abeecedc609c1655c6cb13dc6f0c9f0f27967900?s=96&d=mm&r=g\",\"caption\":\"Nicolas Van Bever\"},\"url\":\"https:\/\/opusurbain.com\/index.php\/author\/nicolas\/\"}]}<\/script>\n<!-- \/ Yoast SEO plugin. -->","yoast_head_json":{"title":"Le jardin naturel et \u00e9cologique - Ville d'Evreux - Opus Urbain","robots":{"index":"index","follow":"follow","max-snippet":"max-snippet:-1","max-image-preview":"max-image-preview:large","max-video-preview":"max-video-preview:-1"},"canonical":"https:\/\/opusurbain.com\/index.php\/2023\/02\/06\/le-jardin-naturel-et-ecologique-ville-devreux\/","og_locale":"fr_FR","og_type":"article","og_title":"Le jardin naturel et \u00e9cologique - Ville d'Evreux - Opus Urbain","og_description":"Opus Urbain \u00e0 \u00e9t\u00e9 missionn\u00e9 par la ville d\u2019Evreux afin d\u2019imaginer l\u2019\u00e9volution d\u2019une parcelle de 2500m\u00b2 au c\u0153ur du jardin botanique, en contact avec l\u2019ancien couvent des Capucins. La parcelle accueille l\u2019\u0153uvre artistique de \u00ab\u00a0l\u2019Arbre aux oiseaux\u00a0\u00bb. Notre \u00e9quipe a pris le parti de proposer et de concevoir un jardin qui soit un v\u00e9ritable manifeste [&hellip;]","og_url":"https:\/\/opusurbain.com\/index.php\/2023\/02\/06\/le-jardin-naturel-et-ecologique-ville-devreux\/","og_site_name":"Opus Urbain","article_published_time":"2023-02-06T13:33:06+00:00","article_modified_time":"2023-02-16T09:49:12+00:00","og_image":[{"url":"https:\/\/opusurbain.com\/wp-content\/uploads\/2023\/02\/Croquis-vue-aerienne-jardin-botanique_v03.jpg","type":"","width":"","height":""}],"author":"Nicolas Van Bever","twitter_card":"summary_large_image","twitter_misc":{"\u00c9crit par":"Nicolas Van Bever","Dur\u00e9e de lecture estim\u00e9e":"2 minutes"},"schema":{"@context":"https:\/\/schema.org","@graph":[{"@type":"Article","@id":"https:\/\/opusurbain.com\/index.php\/2023\/02\/06\/le-jardin-naturel-et-ecologique-ville-devreux\/#article","isPartOf":{"@id":"https:\/\/opusurbain.com\/index.php\/2023\/02\/06\/le-jardin-naturel-et-ecologique-ville-devreux\/"},"author":{"name":"Nicolas Van Bever","@id":"https:\/\/opusurbain.com\/#\/schema\/person\/96961580770793f4a5fa855ce3d38f67"},"headline":"Le jardin naturel et \u00e9cologique &#8211; Ville d&rsquo;Evreux","datePublished":"2023-02-06T13:33:06+00:00","dateModified":"2023-02-16T09:49:12+00:00","mainEntityOfPage":{"@id":"https:\/\/opusurbain.com\/index.php\/2023\/02\/06\/le-jardin-naturel-et-ecologique-ville-devreux\/"},"wordCount":399,"commentCount":0,"image":{"@id":"https:\/\/opusurbain.com\/index.php\/2023\/02\/06\/le-jardin-naturel-et-ecologique-ville-devreux\/#primaryimage"},"thumbnailUrl":"https:\/\/opusurbain.com\/wp-content\/uploads\/2023\/02\/Croquis-vue-aerienne-jardin-botanique_v03.jpg","articleSection":["news"],"inLanguage":"fr-FR","potentialAction":[{"@type":"CommentAction","name":"Comment","target":["https:\/\/opusurbain.com\/index.php\/2023\/02\/06\/le-jardin-naturel-et-ecologique-ville-devreux\/#respond"]}]},{"@type":"WebPage","@id":"https:\/\/opusurbain.com\/index.php\/2023\/02\/06\/le-jardin-naturel-et-ecologique-ville-devreux\/","url":"https:\/\/opusurbain.com\/index.php\/2023\/02\/06\/le-jardin-naturel-et-ecologique-ville-devreux\/","name":"Le jardin naturel et \u00e9cologique - Ville d'Evreux - Opus Urbain","isPartOf":{"@id":"https:\/\/opusurbain.com\/#website"},"primaryImageOfPage":{"@id":"https:\/\/opusurbain.com\/index.php\/2023\/02\/06\/le-jardin-naturel-et-ecologique-ville-devreux\/#primaryimage"},"image":{"@id":"https:\/\/opusurbain.com\/index.php\/2023\/02\/06\/le-jardin-naturel-et-ecologique-ville-devreux\/#primaryimage"},"thumbnailUrl":"https:\/\/opusurbain.com\/wp-content\/uploads\/2023\/02\/Croquis-vue-aerienne-jardin-botanique_v03.jpg","datePublished":"2023-02-06T13:33:06+00:00","dateModified":"2023-02-16T09:49:12+00:00","author":{"@id":"https:\/\/opusurbain.com\/#\/schema\/person\/96961580770793f4a5fa855ce3d38f67"},"breadcrumb":{"@id":"https:\/\/opusurbain.com\/index.php\/2023\/02\/06\/le-jardin-naturel-et-ecologique-ville-devreux\/#breadcrumb"},"inLanguage":"fr-FR","potentialAction":[{"@type":"ReadAction","target":["https:\/\/opusurbain.com\/index.php\/2023\/02\/06\/le-jardin-naturel-et-ecologique-ville-devreux\/"]}]},{"@type":"ImageObject","inLanguage":"fr-FR","@id":"https:\/\/opusurbain.com\/index.php\/2023\/02\/06\/le-jardin-naturel-et-ecologique-ville-devreux\/#primaryimage","url":"https:\/\/opusurbain.com\/wp-content\/uploads\/2023\/02\/Croquis-vue-aerienne-jardin-botanique_v03.jpg","contentUrl":"https:\/\/opusurbain.com\/wp-content\/uploads\/2023\/02\/Croquis-vue-aerienne-jardin-botanique_v03.jpg","width":1200,"height":760},{"@type":"BreadcrumbList","@id":"https:\/\/opusurbain.com\/index.php\/2023\/02\/06\/le-jardin-naturel-et-ecologique-ville-devreux\/#breadcrumb","itemListElement":[{"@type":"ListItem","position":1,"name":"Accueil","item":"https:\/\/opusurbain.com\/"},{"@type":"ListItem","position":2,"name":"Le jardin naturel et \u00e9cologique &#8211; Ville d&rsquo;Evreux"}]},{"@type":"WebSite","@id":"https:\/\/opusurbain.com\/#website","url":"https:\/\/opusurbain.com\/","name":"Opus Urbain","description":"paysage\/urbanisme\/\u00e9cologie","potentialAction":[{"@type":"SearchAction","target":{"@type":"EntryPoint","urlTemplate":"https:\/\/opusurbain.com\/?s={search_term_string}"},"query-input":{"@type":"PropertyValueSpecification","valueRequired":true,"valueName":"search_term_string"}}],"inLanguage":"fr-FR"},{"@type":"Person","@id":"https:\/\/opusurbain.com\/#\/schema\/person\/96961580770793f4a5fa855ce3d38f67","name":"Nicolas Van Bever","image":{"@type":"ImageObject","inLanguage":"fr-FR","@id":"https:\/\/opusurbain.com\/#\/schema\/person\/image\/","url":"https:\/\/secure.gravatar.com\/avatar\/0fbc6bbadba8ae6de8d70740abeecedc609c1655c6cb13dc6f0c9f0f27967900?s=96&d=mm&r=g","contentUrl":"https:\/\/secure.gravatar.com\/avatar\/0fbc6bbadba8ae6de8d70740abeecedc609c1655c6cb13dc6f0c9f0f27967900?s=96&d=mm&r=g","caption":"Nicolas Van Bever"},"url":"https:\/\/opusurbain.com\/index.php\/author\/nicolas\/"}]}},"_links":{"self":[{"href":"https:\/\/opusurbain.com\/index.php\/wp-json\/wp\/v2\/posts\/97119","targetHints":{"allow":["GET"]}}],"collection":[{"href":"https:\/\/opusurbain.com\/index.php\/wp-json\/wp\/v2\/posts"}],"about":[{"href":"https:\/\/opusurbain.com\/index.php\/wp-json\/wp\/v2\/types\/post"}],"author":[{"embeddable":true,"href":"https:\/\/opusurbain.com\/index.php\/wp-json\/wp\/v2\/users\/4"}],"replies":[{"embeddable":true,"href":"https:\/\/opusurbain.com\/index.php\/wp-json\/wp\/v2\/comments?post=97119"}],"version-history":[{"count":0,"href":"https:\/\/opusurbain.com\/index.php\/wp-json\/wp\/v2\/posts\/97119\/revisions"}],"wp:attachment":[{"href":"https:\/\/opusurbain.com\/index.php\/wp-json\/wp\/v2\/media?parent=97119"}],"wp:term":[{"taxonomy":"category","embeddable":true,"href":"https:\/\/opusurbain.com\/index.php\/wp-json\/wp\/v2\/categories?post=97119"},{"taxonomy":"post_tag","embeddable":true,"href":"https:\/\/opusurbain.com\/index.php\/wp-json\/wp\/v2\/tags?post=97119"}],"curies":[{"name":"wp","href":"https:\/\/api.w.org\/{rel}","templated":true}]}}