{"id":113483,"date":"2025-02-27T14:50:06","date_gmt":"2025-02-27T13:50:06","guid":{"rendered":"https:\/\/opusurbain.com\/?p=113483"},"modified":"2025-02-27T14:54:55","modified_gmt":"2025-02-27T13:54:55","slug":"couleurs-dautomne-au-parc-des-berges-un-an-apres-sa-livraison","status":"publish","type":"post","link":"https:\/\/opusurbain.com\/index.php\/2025\/02\/27\/couleurs-dautomne-au-parc-des-berges-un-an-apres-sa-livraison\/","title":{"rendered":"Couleurs d\u2019automne au Parc des Berges : un an apr\u00e8s sa livraison"},"content":{"rendered":"[et_pb_section admin_label=\u00a0\u00bbsection\u00a0\u00bb]\n\t\t\t[et_pb_row admin_label=\u00a0\u00bbrow\u00a0\u00bb]\n\t\t\t\t[et_pb_column type=\u00a0\u00bb4_4&Prime;][et_pb_text admin_label=\u00a0\u00bbText\u00a0\u00bb]\n<figure class=\"wp-block-embed is-type-video is-provider-vimeo wp-block-embed-vimeo\"><div class=\"wp-block-embed__wrapper\">\n<iframe title=\"Ame\u0301nagement des Berges du Mesnil_Version longue_V2\" data-src=\"https:\/\/player.vimeo.com\/video\/1038146182?dnt=1&amp;app_id=122963\" width=\"1080\" height=\"608\" frameborder=\"0\" allow=\"autoplay; fullscreen; picture-in-picture; clipboard-write; encrypted-media\" src=\"data:image\/svg+xml;base64,PHN2ZyB3aWR0aD0iMSIgaGVpZ2h0PSIxIiB4bWxucz0iaHR0cDovL3d3dy53My5vcmcvMjAwMC9zdmciPjwvc3ZnPg==\" class=\"lazyload\" data-load-mode=\"1\"><\/iframe>\n<\/div><\/figure>\n\n\n\n<p>BONNE NOUVELLE : le chantier des derni\u00e8res s\u00e9quences de la voie verte reliant Le Pecq \u00e0 Maisons-Laffitte va pouvoir d\u00e9marrer d\u00e8s septembre 2025 !<br><br>En attendant ces nouveaux am\u00e9nagements, nous ne r\u00e9sistons pas au plaisir de vous partager les couleurs automnales au Parc des Berges : un an apr\u00e8s sa livraison.<br><br>En octobre 2023, nous livrions le Parc des Berges \u00e0 Mesnil-Le-Roi, un am\u00e9nagement r\u00e9f\u00e9rence sur le territoire de la <a href=\"https:\/\/www.linkedin.com\/company\/casgbs\/\">CASGBS &#8211; Communaut\u00e9 d&rsquo;agglom\u00e9ration Saint Germain Boucles de Seine<\/a>, devenu une r\u00e9elle polarit\u00e9 paysag\u00e8re et cyclable, tourn\u00e9e vers la nature, la biodiversit\u00e9 et la Seine.<br><br>En d\u00e9cembre 2024, sous les teintes automnales, le parc d\u00e9voile la richesse de son paysage !<br><br>Merci \u00e0 <a href=\"https:\/\/www.linkedin.com\/company\/euroviafrance\/\">Eurovia<\/a> pour cette belle vid\u00e9o du Parc des Berges \u00e0 Mesnil-Le-Roi, t\u00e9moin de notre engagement pour des am\u00e9nagements durables et vivants !<br><br>Projet d&rsquo;am\u00e9nagement des berges de Mesnil le Roi.<br>Maitrise d&rsquo;ouvrage: <a href=\"https:\/\/www.linkedin.com\/company\/casgbs\/\">CASGBS &#8211; Communaut\u00e9 d&rsquo;agglom\u00e9ration Saint Germain Boucles de Seine<\/a><br>Maitrise d&rsquo;\u0153uvre: <a href=\"https:\/\/www.linkedin.com\/company\/opus-urbain\/\">OPUS URBAIN paysage et urbanisme<\/a> \/ <a href=\"https:\/\/www.linkedin.com\/company\/sephiaingenierie\/\">SEPHIA<\/a> \/<a href=\"https:\/\/www.linkedin.com\/company\/ecosphere-fr\/\">\u00c9cosph\u00e8re<\/a> \/ <a href=\"https:\/\/www.linkedin.com\/company\/isl_2\/\">ISL Ing\u00e9nierie<\/a><br>Entreprises : <a href=\"https:\/\/www.linkedin.com\/company\/euroviafrance\/\">Eurovia<\/a> \/ <a href=\"https:\/\/www.linkedin.com\/company\/abcjardins\/\">ABC Jardins<\/a> \/ <a href=\"https:\/\/www.linkedin.com\/company\/net-ecologie\/\">NET ECOLOGIE<\/a> \/ <a href=\"https:\/\/www.linkedin.com\/company\/ecmb\/\">ECMB<\/a><br>Droit \u00e0 l&rsquo;image: <a href=\"https:\/\/www.linkedin.com\/company\/euroviafrance\/\">Eurovia<\/a>, <a href=\"https:\/\/www.linkedin.com\/in\/ACoAAAcSZxkBxIkNEINioUf_hlaUlSqBE7ppsQI\"><\/a><a href=\"https:\/\/www.linkedin.com\/in\/jean-marc-chaix-jean-marc-24989933\/\">jean-marc CHAIX<\/a><\/p>\n[\/et_pb_text][\/et_pb_column]\n\t\t\t[\/et_pb_row]\n\t\t[\/et_pb_section]","protected":false},"excerpt":{"rendered":"<p>https:\/\/player.vimeo.com\/video\/1038146182?badge=0&amp;autopause=0&amp;player_id=0&amp;app_id=58479 BONNE NOUVELLE : le chantier des derni\u00e8res s\u00e9quences de la voie verte reliant Le Pecq \u00e0 Maisons-Laffitte va pouvoir d\u00e9marrer d\u00e8s septembre 2025 !En attendant ces nouveaux am\u00e9nagements, nous ne r\u00e9sistons pas au plaisir de vous partager les couleurs automnales au Parc des Berges : un an apr\u00e8s sa livraison.En octobre 2023, nous livrions [&hellip;]<\/p>\n","protected":false},"author":4,"featured_media":0,"comment_status":"open","ping_status":"open","sticky":false,"template":"","format":"standard","meta":{"_et_pb_use_builder":"on","_et_pb_old_content":"<!-- wp:embed {\"url\":\"https:\/\/player.vimeo.com\/video\/1038146182?badge=0u0026autopause=0u0026player_id=0u0026app_id=58479\",\"type\":\"video\",\"providerNameSlug\":\"vimeo\"} -->\n<figure class=\"wp-block-embed is-type-video is-provider-vimeo wp-block-embed-vimeo\"><div class=\"wp-block-embed__wrapper\">\nhttps:\/\/player.vimeo.com\/video\/1038146182?badge=0&amp;autopause=0&amp;player_id=0&amp;app_id=58479\n<\/div><\/figure>\n<!-- \/wp:embed -->\n\n<!-- wp:paragraph -->\n<p>BONNE NOUVELLE : le chantier des derni\u00e8res s\u00e9quences de la voie verte reliant Le Pecq \u00e0 Maisons-Laffitte va pouvoir d\u00e9marrer d\u00e8s septembre 2025 !<br><br>En attendant ces nouveaux am\u00e9nagements, nous ne r\u00e9sistons pas au plaisir de vous partager les couleurs automnales au Parc des Berges : un an apr\u00e8s sa livraison.<br><br>En octobre 2023, nous livrions le Parc des Berges \u00e0 Mesnil-Le-Roi, un am\u00e9nagement r\u00e9f\u00e9rence sur le territoire de la <a href=\"https:\/\/www.linkedin.com\/company\/casgbs\/\">CASGBS - Communaut\u00e9 d'agglom\u00e9ration Saint Germain Boucles de Seine<\/a>, devenu une r\u00e9elle polarit\u00e9 paysag\u00e8re et cyclable, tourn\u00e9e vers la nature, la biodiversit\u00e9 et la Seine.<br><br>En d\u00e9cembre 2024, sous les teintes automnales, le parc d\u00e9voile la richesse de son paysage !<br><br>Merci \u00e0 <a href=\"https:\/\/www.linkedin.com\/company\/euroviafrance\/\">Eurovia<\/a> pour cette belle vid\u00e9o du Parc des Berges \u00e0 Mesnil-Le-Roi, t\u00e9moin de notre engagement pour des am\u00e9nagements durables et vivants !<br><br>Projet d'am\u00e9nagement des berges de Mesnil le Roi.<br>Maitrise d'ouvrage: <a href=\"https:\/\/www.linkedin.com\/company\/casgbs\/\">CASGBS - Communaut\u00e9 d'agglom\u00e9ration Saint Germain Boucles de Seine<\/a><br>Maitrise d'\u0153uvre: <a href=\"https:\/\/www.linkedin.com\/company\/opus-urbain\/\">OPUS URBAIN paysage et urbanisme<\/a> \/ <a href=\"https:\/\/www.linkedin.com\/company\/sephiaingenierie\/\">SEPHIA<\/a> \/<a href=\"https:\/\/www.linkedin.com\/company\/ecosphere-fr\/\">\u00c9cosph\u00e8re<\/a> \/ <a href=\"https:\/\/www.linkedin.com\/company\/isl_2\/\">ISL Ing\u00e9nierie<\/a><br>Entreprises : <a href=\"https:\/\/www.linkedin.com\/company\/euroviafrance\/\">Eurovia<\/a> \/ <a href=\"https:\/\/www.linkedin.com\/company\/abcjardins\/\">ABC Jardins<\/a> \/ <a href=\"https:\/\/www.linkedin.com\/company\/net-ecologie\/\">NET ECOLOGIE<\/a> \/ <a href=\"https:\/\/www.linkedin.com\/company\/ecmb\/\">ECMB<\/a><br>Droit \u00e0 l'image: <a href=\"https:\/\/www.linkedin.com\/company\/euroviafrance\/\">Eurovia<\/a>, <a href=\"https:\/\/www.linkedin.com\/in\/ACoAAAcSZxkBxIkNEINioUf_hlaUlSqBE7ppsQI\"><\/a><a href=\"https:\/\/www.linkedin.com\/in\/jean-marc-chaix-jean-marc-24989933\/\">jean-marc CHAIX<\/a><\/p>\n<!-- \/wp:paragraph -->","_et_gb_content_width":"","footnotes":""},"categories":[40],"tags":[],"class_list":["post-113483","post","type-post","status-publish","format-standard","hentry","category-news"],"yoast_head":"<!-- This site is optimized with the Yoast SEO plugin v26.7 - https:\/\/yoast.com\/wordpress\/plugins\/seo\/ -->\n<title>Couleurs d\u2019automne au Parc des Berges : un an apr\u00e8s sa livraison - Opus Urbain<\/title>\n<meta name=\"robots\" content=\"index, follow, max-snippet:-1, max-image-preview:large, max-video-preview:-1\" \/>\n<link rel=\"canonical\" href=\"https:\/\/opusurbain.com\/index.php\/2025\/02\/27\/couleurs-dautomne-au-parc-des-berges-un-an-apres-sa-livraison\/\" \/>\n<meta property=\"og:locale\" content=\"fr_FR\" \/>\n<meta property=\"og:type\" content=\"article\" \/>\n<meta property=\"og:title\" content=\"Couleurs d\u2019automne au Parc des Berges : un an apr\u00e8s sa livraison - Opus Urbain\" \/>\n<meta property=\"og:description\" content=\"https:\/\/player.vimeo.com\/video\/1038146182?badge=0&amp;autopause=0&amp;player_id=0&amp;app_id=58479 BONNE NOUVELLE : le chantier des derni\u00e8res s\u00e9quences de la voie verte reliant Le Pecq \u00e0 Maisons-Laffitte va pouvoir d\u00e9marrer d\u00e8s septembre 2025 !En attendant ces nouveaux am\u00e9nagements, nous ne r\u00e9sistons pas au plaisir de vous partager les couleurs automnales au Parc des Berges : un an apr\u00e8s sa livraison.En octobre 2023, nous livrions [&hellip;]\" \/>\n<meta property=\"og:url\" content=\"https:\/\/opusurbain.com\/index.php\/2025\/02\/27\/couleurs-dautomne-au-parc-des-berges-un-an-apres-sa-livraison\/\" \/>\n<meta property=\"og:site_name\" content=\"Opus Urbain\" \/>\n<meta property=\"article:published_time\" content=\"2025-02-27T13:50:06+00:00\" \/>\n<meta property=\"article:modified_time\" content=\"2025-02-27T13:54:55+00:00\" \/>\n<meta name=\"author\" content=\"Nicolas Van Bever\" \/>\n<meta name=\"twitter:card\" content=\"summary_large_image\" \/>\n<meta name=\"twitter:label1\" content=\"\u00c9crit par\" \/>\n\t<meta name=\"twitter:data1\" content=\"Nicolas Van Bever\" \/>\n\t<meta name=\"twitter:label2\" content=\"Dur\u00e9e de lecture estim\u00e9e\" \/>\n\t<meta name=\"twitter:data2\" content=\"2 minutes\" \/>\n<script type=\"application\/ld+json\" class=\"yoast-schema-graph\">{\"@context\":\"https:\/\/schema.org\",\"@graph\":[{\"@type\":\"Article\",\"@id\":\"https:\/\/opusurbain.com\/index.php\/2025\/02\/27\/couleurs-dautomne-au-parc-des-berges-un-an-apres-sa-livraison\/#article\",\"isPartOf\":{\"@id\":\"https:\/\/opusurbain.com\/index.php\/2025\/02\/27\/couleurs-dautomne-au-parc-des-berges-un-an-apres-sa-livraison\/\"},\"author\":{\"name\":\"Nicolas Van Bever\",\"@id\":\"https:\/\/opusurbain.com\/#\/schema\/person\/96961580770793f4a5fa855ce3d38f67\"},\"headline\":\"Couleurs d\u2019automne au Parc des Berges : un an apr\u00e8s sa livraison\",\"datePublished\":\"2025-02-27T13:50:06+00:00\",\"dateModified\":\"2025-02-27T13:54:55+00:00\",\"mainEntityOfPage\":{\"@id\":\"https:\/\/opusurbain.com\/index.php\/2025\/02\/27\/couleurs-dautomne-au-parc-des-berges-un-an-apres-sa-livraison\/\"},\"wordCount\":250,\"commentCount\":0,\"articleSection\":[\"news\"],\"inLanguage\":\"fr-FR\",\"potentialAction\":[{\"@type\":\"CommentAction\",\"name\":\"Comment\",\"target\":[\"https:\/\/opusurbain.com\/index.php\/2025\/02\/27\/couleurs-dautomne-au-parc-des-berges-un-an-apres-sa-livraison\/#respond\"]}]},{\"@type\":\"WebPage\",\"@id\":\"https:\/\/opusurbain.com\/index.php\/2025\/02\/27\/couleurs-dautomne-au-parc-des-berges-un-an-apres-sa-livraison\/\",\"url\":\"https:\/\/opusurbain.com\/index.php\/2025\/02\/27\/couleurs-dautomne-au-parc-des-berges-un-an-apres-sa-livraison\/\",\"name\":\"Couleurs d\u2019automne au Parc des Berges : un an apr\u00e8s sa livraison - Opus Urbain\",\"isPartOf\":{\"@id\":\"https:\/\/opusurbain.com\/#website\"},\"datePublished\":\"2025-02-27T13:50:06+00:00\",\"dateModified\":\"2025-02-27T13:54:55+00:00\",\"author\":{\"@id\":\"https:\/\/opusurbain.com\/#\/schema\/person\/96961580770793f4a5fa855ce3d38f67\"},\"breadcrumb\":{\"@id\":\"https:\/\/opusurbain.com\/index.php\/2025\/02\/27\/couleurs-dautomne-au-parc-des-berges-un-an-apres-sa-livraison\/#breadcrumb\"},\"inLanguage\":\"fr-FR\",\"potentialAction\":[{\"@type\":\"ReadAction\",\"target\":[\"https:\/\/opusurbain.com\/index.php\/2025\/02\/27\/couleurs-dautomne-au-parc-des-berges-un-an-apres-sa-livraison\/\"]}]},{\"@type\":\"BreadcrumbList\",\"@id\":\"https:\/\/opusurbain.com\/index.php\/2025\/02\/27\/couleurs-dautomne-au-parc-des-berges-un-an-apres-sa-livraison\/#breadcrumb\",\"itemListElement\":[{\"@type\":\"ListItem\",\"position\":1,\"name\":\"Accueil\",\"item\":\"https:\/\/opusurbain.com\/\"},{\"@type\":\"ListItem\",\"position\":2,\"name\":\"Couleurs d\u2019automne au Parc des Berges : un an apr\u00e8s sa livraison\"}]},{\"@type\":\"WebSite\",\"@id\":\"https:\/\/opusurbain.com\/#website\",\"url\":\"https:\/\/opusurbain.com\/\",\"name\":\"Opus Urbain\",\"description\":\"paysage\/urbanisme\/\u00e9cologie\",\"potentialAction\":[{\"@type\":\"SearchAction\",\"target\":{\"@type\":\"EntryPoint\",\"urlTemplate\":\"https:\/\/opusurbain.com\/?s={search_term_string}\"},\"query-input\":{\"@type\":\"PropertyValueSpecification\",\"valueRequired\":true,\"valueName\":\"search_term_string\"}}],\"inLanguage\":\"fr-FR\"},{\"@type\":\"Person\",\"@id\":\"https:\/\/opusurbain.com\/#\/schema\/person\/96961580770793f4a5fa855ce3d38f67\",\"name\":\"Nicolas Van Bever\",\"image\":{\"@type\":\"ImageObject\",\"inLanguage\":\"fr-FR\",\"@id\":\"https:\/\/opusurbain.com\/#\/schema\/person\/image\/\",\"url\":\"https:\/\/secure.gravatar.com\/avatar\/0fbc6bbadba8ae6de8d70740abeecedc609c1655c6cb13dc6f0c9f0f27967900?s=96&d=mm&r=g\",\"contentUrl\":\"https:\/\/secure.gravatar.com\/avatar\/0fbc6bbadba8ae6de8d70740abeecedc609c1655c6cb13dc6f0c9f0f27967900?s=96&d=mm&r=g\",\"caption\":\"Nicolas Van Bever\"},\"url\":\"https:\/\/opusurbain.com\/index.php\/author\/nicolas\/\"}]}<\/script>\n<!-- \/ Yoast SEO plugin. -->","yoast_head_json":{"title":"Couleurs d\u2019automne au Parc des Berges : un an apr\u00e8s sa livraison - Opus Urbain","robots":{"index":"index","follow":"follow","max-snippet":"max-snippet:-1","max-image-preview":"max-image-preview:large","max-video-preview":"max-video-preview:-1"},"canonical":"https:\/\/opusurbain.com\/index.php\/2025\/02\/27\/couleurs-dautomne-au-parc-des-berges-un-an-apres-sa-livraison\/","og_locale":"fr_FR","og_type":"article","og_title":"Couleurs d\u2019automne au Parc des Berges : un an apr\u00e8s sa livraison - Opus Urbain","og_description":"https:\/\/player.vimeo.com\/video\/1038146182?badge=0&amp;autopause=0&amp;player_id=0&amp;app_id=58479 BONNE NOUVELLE : le chantier des derni\u00e8res s\u00e9quences de la voie verte reliant Le Pecq \u00e0 Maisons-Laffitte va pouvoir d\u00e9marrer d\u00e8s septembre 2025 !En attendant ces nouveaux am\u00e9nagements, nous ne r\u00e9sistons pas au plaisir de vous partager les couleurs automnales au Parc des Berges : un an apr\u00e8s sa livraison.En octobre 2023, nous livrions [&hellip;]","og_url":"https:\/\/opusurbain.com\/index.php\/2025\/02\/27\/couleurs-dautomne-au-parc-des-berges-un-an-apres-sa-livraison\/","og_site_name":"Opus Urbain","article_published_time":"2025-02-27T13:50:06+00:00","article_modified_time":"2025-02-27T13:54:55+00:00","author":"Nicolas Van Bever","twitter_card":"summary_large_image","twitter_misc":{"\u00c9crit par":"Nicolas Van Bever","Dur\u00e9e de lecture estim\u00e9e":"2 minutes"},"schema":{"@context":"https:\/\/schema.org","@graph":[{"@type":"Article","@id":"https:\/\/opusurbain.com\/index.php\/2025\/02\/27\/couleurs-dautomne-au-parc-des-berges-un-an-apres-sa-livraison\/#article","isPartOf":{"@id":"https:\/\/opusurbain.com\/index.php\/2025\/02\/27\/couleurs-dautomne-au-parc-des-berges-un-an-apres-sa-livraison\/"},"author":{"name":"Nicolas Van Bever","@id":"https:\/\/opusurbain.com\/#\/schema\/person\/96961580770793f4a5fa855ce3d38f67"},"headline":"Couleurs d\u2019automne au Parc des Berges : un an apr\u00e8s sa livraison","datePublished":"2025-02-27T13:50:06+00:00","dateModified":"2025-02-27T13:54:55+00:00","mainEntityOfPage":{"@id":"https:\/\/opusurbain.com\/index.php\/2025\/02\/27\/couleurs-dautomne-au-parc-des-berges-un-an-apres-sa-livraison\/"},"wordCount":250,"commentCount":0,"articleSection":["news"],"inLanguage":"fr-FR","potentialAction":[{"@type":"CommentAction","name":"Comment","target":["https:\/\/opusurbain.com\/index.php\/2025\/02\/27\/couleurs-dautomne-au-parc-des-berges-un-an-apres-sa-livraison\/#respond"]}]},{"@type":"WebPage","@id":"https:\/\/opusurbain.com\/index.php\/2025\/02\/27\/couleurs-dautomne-au-parc-des-berges-un-an-apres-sa-livraison\/","url":"https:\/\/opusurbain.com\/index.php\/2025\/02\/27\/couleurs-dautomne-au-parc-des-berges-un-an-apres-sa-livraison\/","name":"Couleurs d\u2019automne au Parc des Berges : un an apr\u00e8s sa livraison - Opus Urbain","isPartOf":{"@id":"https:\/\/opusurbain.com\/#website"},"datePublished":"2025-02-27T13:50:06+00:00","dateModified":"2025-02-27T13:54:55+00:00","author":{"@id":"https:\/\/opusurbain.com\/#\/schema\/person\/96961580770793f4a5fa855ce3d38f67"},"breadcrumb":{"@id":"https:\/\/opusurbain.com\/index.php\/2025\/02\/27\/couleurs-dautomne-au-parc-des-berges-un-an-apres-sa-livraison\/#breadcrumb"},"inLanguage":"fr-FR","potentialAction":[{"@type":"ReadAction","target":["https:\/\/opusurbain.com\/index.php\/2025\/02\/27\/couleurs-dautomne-au-parc-des-berges-un-an-apres-sa-livraison\/"]}]},{"@type":"BreadcrumbList","@id":"https:\/\/opusurbain.com\/index.php\/2025\/02\/27\/couleurs-dautomne-au-parc-des-berges-un-an-apres-sa-livraison\/#breadcrumb","itemListElement":[{"@type":"ListItem","position":1,"name":"Accueil","item":"https:\/\/opusurbain.com\/"},{"@type":"ListItem","position":2,"name":"Couleurs d\u2019automne au Parc des Berges : un an apr\u00e8s sa livraison"}]},{"@type":"WebSite","@id":"https:\/\/opusurbain.com\/#website","url":"https:\/\/opusurbain.com\/","name":"Opus Urbain","description":"paysage\/urbanisme\/\u00e9cologie","potentialAction":[{"@type":"SearchAction","target":{"@type":"EntryPoint","urlTemplate":"https:\/\/opusurbain.com\/?s={search_term_string}"},"query-input":{"@type":"PropertyValueSpecification","valueRequired":true,"valueName":"search_term_string"}}],"inLanguage":"fr-FR"},{"@type":"Person","@id":"https:\/\/opusurbain.com\/#\/schema\/person\/96961580770793f4a5fa855ce3d38f67","name":"Nicolas Van Bever","image":{"@type":"ImageObject","inLanguage":"fr-FR","@id":"https:\/\/opusurbain.com\/#\/schema\/person\/image\/","url":"https:\/\/secure.gravatar.com\/avatar\/0fbc6bbadba8ae6de8d70740abeecedc609c1655c6cb13dc6f0c9f0f27967900?s=96&d=mm&r=g","contentUrl":"https:\/\/secure.gravatar.com\/avatar\/0fbc6bbadba8ae6de8d70740abeecedc609c1655c6cb13dc6f0c9f0f27967900?s=96&d=mm&r=g","caption":"Nicolas Van Bever"},"url":"https:\/\/opusurbain.com\/index.php\/author\/nicolas\/"}]}},"_links":{"self":[{"href":"https:\/\/opusurbain.com\/index.php\/wp-json\/wp\/v2\/posts\/113483","targetHints":{"allow":["GET"]}}],"collection":[{"href":"https:\/\/opusurbain.com\/index.php\/wp-json\/wp\/v2\/posts"}],"about":[{"href":"https:\/\/opusurbain.com\/index.php\/wp-json\/wp\/v2\/types\/post"}],"author":[{"embeddable":true,"href":"https:\/\/opusurbain.com\/index.php\/wp-json\/wp\/v2\/users\/4"}],"replies":[{"embeddable":true,"href":"https:\/\/opusurbain.com\/index.php\/wp-json\/wp\/v2\/comments?post=113483"}],"version-history":[{"count":0,"href":"https:\/\/opusurbain.com\/index.php\/wp-json\/wp\/v2\/posts\/113483\/revisions"}],"wp:attachment":[{"href":"https:\/\/opusurbain.com\/index.php\/wp-json\/wp\/v2\/media?parent=113483"}],"wp:term":[{"taxonomy":"category","embeddable":true,"href":"https:\/\/opusurbain.com\/index.php\/wp-json\/wp\/v2\/categories?post=113483"},{"taxonomy":"post_tag","embeddable":true,"href":"https:\/\/opusurbain.com\/index.php\/wp-json\/wp\/v2\/tags?post=113483"}],"curies":[{"name":"wp","href":"https:\/\/api.w.org\/{rel}","templated":true}]}}