{"id":106379,"date":"2024-02-26T13:03:49","date_gmt":"2024-02-26T12:03:49","guid":{"rendered":"https:\/\/opusurbain.com\/?p=106379"},"modified":"2024-05-02T14:15:49","modified_gmt":"2024-05-02T12:15:49","slug":"opus-urbain-laureat-du-concours-pour-la-rehabilitation-du-parc-des-tourelles-a-bois-colombes","status":"publish","type":"post","link":"https:\/\/opusurbain.com\/index.php\/2024\/02\/26\/opus-urbain-laureat-du-concours-pour-la-rehabilitation-du-parc-des-tourelles-a-bois-colombes\/","title":{"rendered":"OPUS URBAIN laur\u00e9at du concours pour la r\u00e9habilitation du Parc des Tourelles \u00e0 Bois-Colombes"},"content":{"rendered":"<p>[et_pb_section fb_built=\u00a0\u00bb1&Prime; admin_label=\u00a0\u00bbsection\u00a0\u00bb _builder_version=\u00a0\u00bb4.16&Prime; global_colors_info=\u00a0\u00bb{}\u00a0\u00bb][et_pb_row admin_label=\u00a0\u00bbrow\u00a0\u00bb _builder_version=\u00a0\u00bb4.16&Prime; background_size=\u00a0\u00bbinitial\u00a0\u00bb background_position=\u00a0\u00bbtop_left\u00a0\u00bb background_repeat=\u00a0\u00bbrepeat\u00a0\u00bb global_colors_info=\u00a0\u00bb{}\u00a0\u00bb][et_pb_column type=\u00a0\u00bb4_4&Prime; _builder_version=\u00a0\u00bb4.16&Prime; custom_padding=\u00a0\u00bb|||\u00a0\u00bb global_colors_info=\u00a0\u00bb{}\u00a0\u00bb custom_padding__hover=\u00a0\u00bb|||\u00a0\u00bb][et_pb_text admin_label=\u00a0\u00bbText\u00a0\u00bb _builder_version=\u00a0\u00bb4.24.0&Prime; background_size=\u00a0\u00bbinitial\u00a0\u00bb background_position=\u00a0\u00bbtop_left\u00a0\u00bb background_repeat=\u00a0\u00bbrepeat\u00a0\u00bb global_colors_info=\u00a0\u00bb{}\u00a0\u00bb]<\/p>\n<p>OPUS URBAIN est tr\u00e8s heureux d&rsquo;avoir remport\u00e9 le concours pour la r\u00e9habilitation du Parc des Tourelles dans la ville de Bois-Colombes, avec ses partenaires: NOVO Architecture, SEPHIA, BLD waterdesign et TRANS-FAIRE.<\/p>\n<p>\u00a0<span style=\"font-size: 16px; font-family: 'Open Sans', Arial, sans-serif;\">\u00a0<\/span><\/p>\n<p>\u00a0<span style=\"font-size: 16px; font-family: 'Open Sans', Arial, sans-serif;\">Notre \u00e9quipe porte un projet de parc renouvel\u00e9, tourn\u00e9 vers la culture, les loisirs, la contemplation et l\u2019\u00e9cologie.<\/span><\/p>\n<p>La r\u00e9habilitation de ce parc s&rsquo;inscrit dans le contexte du centre-ville de Bois-Colombes et engage des enjeux patrimoniaux importants autour du Ch\u00e2teau des Tourelles et de son centre d&rsquo;art.<\/p>\n<p>Nous avons ainsi d\u00e9velopper un projet qui:<\/p>\n<p>&#8211; S&rsquo;appuie sur la qualit\u00e9 de l\u2019existant, valorise l\u2019ADN du parc et les marqueurs historiques<\/p>\n<p>&#8211; Vise \u00e0 ouvrir le parc sur son environnement afin qu\u2019il participe plus largement \u00e0 la qualit\u00e9 du cadre de vie de Bois Colombes<\/p>\n<p>&#8211; Restitue une structure et une organisation spatiale, capable de f\u00e9d\u00e9rer le parc au sein d\u2019une seule et m\u00eame entit\u00e9 coh\u00e9rente<\/p>\n<p>&#8211; Propose une programmation diversifi\u00e9e, conviviale, multi-g\u00e9n\u00e9rationelle qui r\u00e9pond aux attentes contemporaines<\/p>\n<p>&#8211; D\u00e9veloppe une forte ambition paysag\u00e8re et environnementale \u00e0 travers une gestion alternative et vertueuse des eaux pluviales, la constitution d&rsquo;une diversit\u00e9 de milieux qui renforce la biodiversit\u00e9 en ville (humides, secs, espaces prot\u00e9g\u00e9s de reproduction, etc.), des ambiances v\u00e9g\u00e9tales vari\u00e9es (horticole et naturalisante), une pr\u00e9servation de 90% des arbres existants, la plantation de 58 nouveaux arbres.<\/p>\n<p>&nbsp;<\/p>\n<p>&nbsp;<\/p>\n<p>&nbsp;<\/p>\n<p>&nbsp;<\/p>\n<p>&nbsp;<\/p>\n<p>&nbsp;<\/p>\n<p><!-- divi:image {\"id\":97132,\"sizeSlug\":\"full\",\"linkDestination\":\"none\"} --><\/p>\n<p>&nbsp;<\/p>\n<p>&nbsp;<\/p>\n<p>&nbsp;<\/p>\n<p>&nbsp;<\/p>\n<p>&nbsp;<\/p>\n<p><!-- \/divi:image -->[\/et_pb_text][\/et_pb_column][\/et_pb_row][\/et_pb_section]<\/p>\n","protected":false},"excerpt":{"rendered":"<p>OPUS URBAIN est tr\u00e8s heureux d&rsquo;avoir remport\u00e9 le concours pour la r\u00e9habilitation du Parc des Tourelles dans la ville de Bois-Colombes, avec ses partenaires: NOVO Architecture, SEPHIA, BLD waterdesign et TRANS-FAIRE. \u00a0\u00a0 \u00a0Notre \u00e9quipe porte un projet de parc renouvel\u00e9, tourn\u00e9 vers la culture, les loisirs, la contemplation et l\u2019\u00e9cologie. La r\u00e9habilitation de ce parc [&hellip;]<\/p>\n","protected":false},"author":4,"featured_media":0,"comment_status":"open","ping_status":"open","sticky":false,"template":"","format":"standard","meta":{"_et_pb_use_builder":"on","_et_pb_old_content":"<!-- wp:paragraph -->\n<p><\/p>\n<!-- \/wp:paragraph -->\n\n<!-- wp:image {\"id\":96987,\"sizeSlug\":\"full\",\"linkDestination\":\"none\"} -->\n<figure class=\"wp-block-image size-full\"><img src=\"https:\/\/opusurbain.com\/wp-content\/uploads\/2023\/02\/Croquis-vue-aerienne-jardin-botanique_v03.jpg\" alt=\"\" class=\"wp-image-96987\"\/><\/figure>\n<!-- \/wp:image -->\n\n<!-- wp:paragraph -->\n<p>Opus urbain \u00e0 \u00e9t\u00e9 missionn\u00e9 par la ville d\u2019Evreux afin d\u2019imaginer le futur de son jardin botanique. L\u2019objectif \u00e9tait de r\u00e9fl\u00e9chir \u00e0 l\u2019am\u00e9nagement d\u2019une parcelle de 2500m\u00b2 au sein du jardin botanique et \u00e0 proximit\u00e9 de l\u2019ancien couvent des Capucins, afin d\u2019accompagner l\u2019\u0153uvre de \u00ab&nbsp;l\u2019Arbre aux oiseaux&nbsp;\u00bb.<\/p>\n<!-- \/wp:paragraph -->\n\n<!-- wp:paragraph -->\n<p>Notre \u00e9quipe a pris le parti de proposer et de concevoir un jardin qui soit un v\u00e9ritable manifeste \u00e9colo\u00adgique venant affirmer l'engagement environne\u00admental port\u00e9 actuellement par la ville d'Evreux.<\/p>\n<!-- \/wp:paragraph -->\n\n<!-- wp:paragraph -->\n<p>La cr\u00e9ation de ce jardin \u00e9cologique, dit \u00abLe refuge\u00bb, s\u2019apparente \u00e0 un sanctuaire de biodiversit\u00e9. Il vient compl\u00e9ter la richesse programmatique du jardin botanique et de la serre tropicale \u00e0 travers un am\u00e9nagement offrant une diversit\u00e9 de micro-lieux et d\u2019\u00e9cosyst\u00e8mes favorable au d\u00e9veloppement de la faune et flore locale: mare, prairie, bosquet, enrochements, clairi\u00e8re, etc.<\/p>\n<!-- \/wp:paragraph -->\n\n<!-- wp:paragraph -->\n<p>Un espace plus ouvert, organis\u00e9 autour d\u2019un grand mobilier sera support de p\u00e9dagogie. Il agira comme un observatoire tourn\u00e9 vers les g\u00e9n\u00e9rations futures dans un objectif de sensibilisation aux \u00e9cosyst\u00e8mes et \u00e0 la biodiversit\u00e9.<\/p>\n<!-- \/wp:paragraph -->\n\n<!-- wp:paragraph -->\n<p>Dans un troisi\u00e8me volet de programmation, le jardin accueillera une grande terrasse am\u00e9nag\u00e9e en espace de r\u00e9ception et de repr\u00e9sentation pour la Ville d\u2019Evreux dans le cadre de la revalorisation de la salle de danse (pavillon ancien).<\/p>\n<!-- \/wp:paragraph -->\n\n<!-- wp:image {\"id\":97132,\"sizeSlug\":\"full\",\"linkDestination\":\"none\"} -->\n<figure class=\"wp-block-image size-full\"><img src=\"https:\/\/opusurbain.com\/wp-content\/uploads\/2023\/02\/EPN_Jardin-botanique_ESQ_Analyse-et-Enjeux_A-TEJ2-1-scaled.jpg\" alt=\"\" class=\"wp-image-97132\"\/><\/figure>\n<!-- \/wp:image -->","_et_gb_content_width":"","footnotes":""},"categories":[40],"tags":[],"class_list":["post-106379","post","type-post","status-publish","format-standard","hentry","category-news"],"yoast_head":"<!-- This site is optimized with the Yoast SEO plugin v26.7 - https:\/\/yoast.com\/wordpress\/plugins\/seo\/ -->\n<title>OPUS URBAIN laur\u00e9at du concours pour la r\u00e9habilitation du Parc des Tourelles \u00e0 Bois-Colombes - Opus Urbain<\/title>\n<meta name=\"robots\" content=\"index, follow, max-snippet:-1, max-image-preview:large, max-video-preview:-1\" \/>\n<link rel=\"canonical\" href=\"https:\/\/opusurbain.com\/index.php\/2024\/02\/26\/opus-urbain-laureat-du-concours-pour-la-rehabilitation-du-parc-des-tourelles-a-bois-colombes\/\" \/>\n<meta property=\"og:locale\" content=\"fr_FR\" \/>\n<meta property=\"og:type\" content=\"article\" \/>\n<meta property=\"og:title\" content=\"OPUS URBAIN laur\u00e9at du concours pour la r\u00e9habilitation du Parc des Tourelles \u00e0 Bois-Colombes - Opus Urbain\" \/>\n<meta property=\"og:description\" content=\"OPUS URBAIN est tr\u00e8s heureux d&#039;avoir remport\u00e9 le concours pour la r\u00e9habilitation du Parc des Tourelles dans la ville de Bois-Colombes, avec ses partenaires: NOVO Architecture, SEPHIA, BLD waterdesign et TRANS-FAIRE. \u00a0\u00a0 \u00a0Notre \u00e9quipe porte un projet de parc renouvel\u00e9, tourn\u00e9 vers la culture, les loisirs, la contemplation et l\u2019\u00e9cologie. La r\u00e9habilitation de ce parc [&hellip;]\" \/>\n<meta property=\"og:url\" content=\"https:\/\/opusurbain.com\/index.php\/2024\/02\/26\/opus-urbain-laureat-du-concours-pour-la-rehabilitation-du-parc-des-tourelles-a-bois-colombes\/\" \/>\n<meta property=\"og:site_name\" content=\"Opus Urbain\" \/>\n<meta property=\"article:published_time\" content=\"2024-02-26T12:03:49+00:00\" \/>\n<meta property=\"article:modified_time\" content=\"2024-05-02T12:15:49+00:00\" \/>\n<meta name=\"author\" content=\"Nicolas Van Bever\" \/>\n<meta name=\"twitter:card\" content=\"summary_large_image\" \/>\n<meta name=\"twitter:label1\" content=\"\u00c9crit par\" \/>\n\t<meta name=\"twitter:data1\" content=\"Nicolas Van Bever\" \/>\n\t<meta name=\"twitter:label2\" content=\"Dur\u00e9e de lecture estim\u00e9e\" \/>\n\t<meta name=\"twitter:data2\" content=\"2 minutes\" \/>\n<script type=\"application\/ld+json\" class=\"yoast-schema-graph\">{\"@context\":\"https:\/\/schema.org\",\"@graph\":[{\"@type\":\"Article\",\"@id\":\"https:\/\/opusurbain.com\/index.php\/2024\/02\/26\/opus-urbain-laureat-du-concours-pour-la-rehabilitation-du-parc-des-tourelles-a-bois-colombes\/#article\",\"isPartOf\":{\"@id\":\"https:\/\/opusurbain.com\/index.php\/2024\/02\/26\/opus-urbain-laureat-du-concours-pour-la-rehabilitation-du-parc-des-tourelles-a-bois-colombes\/\"},\"author\":{\"name\":\"Nicolas Van Bever\",\"@id\":\"https:\/\/opusurbain.com\/#\/schema\/person\/96961580770793f4a5fa855ce3d38f67\"},\"headline\":\"OPUS URBAIN laur\u00e9at du concours pour la r\u00e9habilitation du Parc des Tourelles \u00e0 Bois-Colombes\",\"datePublished\":\"2024-02-26T12:03:49+00:00\",\"dateModified\":\"2024-05-02T12:15:49+00:00\",\"mainEntityOfPage\":{\"@id\":\"https:\/\/opusurbain.com\/index.php\/2024\/02\/26\/opus-urbain-laureat-du-concours-pour-la-rehabilitation-du-parc-des-tourelles-a-bois-colombes\/\"},\"wordCount\":342,\"commentCount\":0,\"articleSection\":[\"news\"],\"inLanguage\":\"fr-FR\",\"potentialAction\":[{\"@type\":\"CommentAction\",\"name\":\"Comment\",\"target\":[\"https:\/\/opusurbain.com\/index.php\/2024\/02\/26\/opus-urbain-laureat-du-concours-pour-la-rehabilitation-du-parc-des-tourelles-a-bois-colombes\/#respond\"]}]},{\"@type\":\"WebPage\",\"@id\":\"https:\/\/opusurbain.com\/index.php\/2024\/02\/26\/opus-urbain-laureat-du-concours-pour-la-rehabilitation-du-parc-des-tourelles-a-bois-colombes\/\",\"url\":\"https:\/\/opusurbain.com\/index.php\/2024\/02\/26\/opus-urbain-laureat-du-concours-pour-la-rehabilitation-du-parc-des-tourelles-a-bois-colombes\/\",\"name\":\"OPUS URBAIN laur\u00e9at du concours pour la r\u00e9habilitation du Parc des Tourelles \u00e0 Bois-Colombes - Opus Urbain\",\"isPartOf\":{\"@id\":\"https:\/\/opusurbain.com\/#website\"},\"datePublished\":\"2024-02-26T12:03:49+00:00\",\"dateModified\":\"2024-05-02T12:15:49+00:00\",\"author\":{\"@id\":\"https:\/\/opusurbain.com\/#\/schema\/person\/96961580770793f4a5fa855ce3d38f67\"},\"breadcrumb\":{\"@id\":\"https:\/\/opusurbain.com\/index.php\/2024\/02\/26\/opus-urbain-laureat-du-concours-pour-la-rehabilitation-du-parc-des-tourelles-a-bois-colombes\/#breadcrumb\"},\"inLanguage\":\"fr-FR\",\"potentialAction\":[{\"@type\":\"ReadAction\",\"target\":[\"https:\/\/opusurbain.com\/index.php\/2024\/02\/26\/opus-urbain-laureat-du-concours-pour-la-rehabilitation-du-parc-des-tourelles-a-bois-colombes\/\"]}]},{\"@type\":\"BreadcrumbList\",\"@id\":\"https:\/\/opusurbain.com\/index.php\/2024\/02\/26\/opus-urbain-laureat-du-concours-pour-la-rehabilitation-du-parc-des-tourelles-a-bois-colombes\/#breadcrumb\",\"itemListElement\":[{\"@type\":\"ListItem\",\"position\":1,\"name\":\"Accueil\",\"item\":\"https:\/\/opusurbain.com\/\"},{\"@type\":\"ListItem\",\"position\":2,\"name\":\"OPUS URBAIN laur\u00e9at du concours pour la r\u00e9habilitation du Parc des Tourelles \u00e0 Bois-Colombes\"}]},{\"@type\":\"WebSite\",\"@id\":\"https:\/\/opusurbain.com\/#website\",\"url\":\"https:\/\/opusurbain.com\/\",\"name\":\"Opus Urbain\",\"description\":\"paysage\/urbanisme\/\u00e9cologie\",\"potentialAction\":[{\"@type\":\"SearchAction\",\"target\":{\"@type\":\"EntryPoint\",\"urlTemplate\":\"https:\/\/opusurbain.com\/?s={search_term_string}\"},\"query-input\":{\"@type\":\"PropertyValueSpecification\",\"valueRequired\":true,\"valueName\":\"search_term_string\"}}],\"inLanguage\":\"fr-FR\"},{\"@type\":\"Person\",\"@id\":\"https:\/\/opusurbain.com\/#\/schema\/person\/96961580770793f4a5fa855ce3d38f67\",\"name\":\"Nicolas Van Bever\",\"image\":{\"@type\":\"ImageObject\",\"inLanguage\":\"fr-FR\",\"@id\":\"https:\/\/opusurbain.com\/#\/schema\/person\/image\/\",\"url\":\"https:\/\/secure.gravatar.com\/avatar\/0fbc6bbadba8ae6de8d70740abeecedc609c1655c6cb13dc6f0c9f0f27967900?s=96&d=mm&r=g\",\"contentUrl\":\"https:\/\/secure.gravatar.com\/avatar\/0fbc6bbadba8ae6de8d70740abeecedc609c1655c6cb13dc6f0c9f0f27967900?s=96&d=mm&r=g\",\"caption\":\"Nicolas Van Bever\"},\"url\":\"https:\/\/opusurbain.com\/index.php\/author\/nicolas\/\"}]}<\/script>\n<!-- \/ Yoast SEO plugin. -->","yoast_head_json":{"title":"OPUS URBAIN laur\u00e9at du concours pour la r\u00e9habilitation du Parc des Tourelles \u00e0 Bois-Colombes - Opus Urbain","robots":{"index":"index","follow":"follow","max-snippet":"max-snippet:-1","max-image-preview":"max-image-preview:large","max-video-preview":"max-video-preview:-1"},"canonical":"https:\/\/opusurbain.com\/index.php\/2024\/02\/26\/opus-urbain-laureat-du-concours-pour-la-rehabilitation-du-parc-des-tourelles-a-bois-colombes\/","og_locale":"fr_FR","og_type":"article","og_title":"OPUS URBAIN laur\u00e9at du concours pour la r\u00e9habilitation du Parc des Tourelles \u00e0 Bois-Colombes - Opus Urbain","og_description":"OPUS URBAIN est tr\u00e8s heureux d'avoir remport\u00e9 le concours pour la r\u00e9habilitation du Parc des Tourelles dans la ville de Bois-Colombes, avec ses partenaires: NOVO Architecture, SEPHIA, BLD waterdesign et TRANS-FAIRE. \u00a0\u00a0 \u00a0Notre \u00e9quipe porte un projet de parc renouvel\u00e9, tourn\u00e9 vers la culture, les loisirs, la contemplation et l\u2019\u00e9cologie. La r\u00e9habilitation de ce parc [&hellip;]","og_url":"https:\/\/opusurbain.com\/index.php\/2024\/02\/26\/opus-urbain-laureat-du-concours-pour-la-rehabilitation-du-parc-des-tourelles-a-bois-colombes\/","og_site_name":"Opus Urbain","article_published_time":"2024-02-26T12:03:49+00:00","article_modified_time":"2024-05-02T12:15:49+00:00","author":"Nicolas Van Bever","twitter_card":"summary_large_image","twitter_misc":{"\u00c9crit par":"Nicolas Van Bever","Dur\u00e9e de lecture estim\u00e9e":"2 minutes"},"schema":{"@context":"https:\/\/schema.org","@graph":[{"@type":"Article","@id":"https:\/\/opusurbain.com\/index.php\/2024\/02\/26\/opus-urbain-laureat-du-concours-pour-la-rehabilitation-du-parc-des-tourelles-a-bois-colombes\/#article","isPartOf":{"@id":"https:\/\/opusurbain.com\/index.php\/2024\/02\/26\/opus-urbain-laureat-du-concours-pour-la-rehabilitation-du-parc-des-tourelles-a-bois-colombes\/"},"author":{"name":"Nicolas Van Bever","@id":"https:\/\/opusurbain.com\/#\/schema\/person\/96961580770793f4a5fa855ce3d38f67"},"headline":"OPUS URBAIN laur\u00e9at du concours pour la r\u00e9habilitation du Parc des Tourelles \u00e0 Bois-Colombes","datePublished":"2024-02-26T12:03:49+00:00","dateModified":"2024-05-02T12:15:49+00:00","mainEntityOfPage":{"@id":"https:\/\/opusurbain.com\/index.php\/2024\/02\/26\/opus-urbain-laureat-du-concours-pour-la-rehabilitation-du-parc-des-tourelles-a-bois-colombes\/"},"wordCount":342,"commentCount":0,"articleSection":["news"],"inLanguage":"fr-FR","potentialAction":[{"@type":"CommentAction","name":"Comment","target":["https:\/\/opusurbain.com\/index.php\/2024\/02\/26\/opus-urbain-laureat-du-concours-pour-la-rehabilitation-du-parc-des-tourelles-a-bois-colombes\/#respond"]}]},{"@type":"WebPage","@id":"https:\/\/opusurbain.com\/index.php\/2024\/02\/26\/opus-urbain-laureat-du-concours-pour-la-rehabilitation-du-parc-des-tourelles-a-bois-colombes\/","url":"https:\/\/opusurbain.com\/index.php\/2024\/02\/26\/opus-urbain-laureat-du-concours-pour-la-rehabilitation-du-parc-des-tourelles-a-bois-colombes\/","name":"OPUS URBAIN laur\u00e9at du concours pour la r\u00e9habilitation du Parc des Tourelles \u00e0 Bois-Colombes - Opus Urbain","isPartOf":{"@id":"https:\/\/opusurbain.com\/#website"},"datePublished":"2024-02-26T12:03:49+00:00","dateModified":"2024-05-02T12:15:49+00:00","author":{"@id":"https:\/\/opusurbain.com\/#\/schema\/person\/96961580770793f4a5fa855ce3d38f67"},"breadcrumb":{"@id":"https:\/\/opusurbain.com\/index.php\/2024\/02\/26\/opus-urbain-laureat-du-concours-pour-la-rehabilitation-du-parc-des-tourelles-a-bois-colombes\/#breadcrumb"},"inLanguage":"fr-FR","potentialAction":[{"@type":"ReadAction","target":["https:\/\/opusurbain.com\/index.php\/2024\/02\/26\/opus-urbain-laureat-du-concours-pour-la-rehabilitation-du-parc-des-tourelles-a-bois-colombes\/"]}]},{"@type":"BreadcrumbList","@id":"https:\/\/opusurbain.com\/index.php\/2024\/02\/26\/opus-urbain-laureat-du-concours-pour-la-rehabilitation-du-parc-des-tourelles-a-bois-colombes\/#breadcrumb","itemListElement":[{"@type":"ListItem","position":1,"name":"Accueil","item":"https:\/\/opusurbain.com\/"},{"@type":"ListItem","position":2,"name":"OPUS URBAIN laur\u00e9at du concours pour la r\u00e9habilitation du Parc des Tourelles \u00e0 Bois-Colombes"}]},{"@type":"WebSite","@id":"https:\/\/opusurbain.com\/#website","url":"https:\/\/opusurbain.com\/","name":"Opus Urbain","description":"paysage\/urbanisme\/\u00e9cologie","potentialAction":[{"@type":"SearchAction","target":{"@type":"EntryPoint","urlTemplate":"https:\/\/opusurbain.com\/?s={search_term_string}"},"query-input":{"@type":"PropertyValueSpecification","valueRequired":true,"valueName":"search_term_string"}}],"inLanguage":"fr-FR"},{"@type":"Person","@id":"https:\/\/opusurbain.com\/#\/schema\/person\/96961580770793f4a5fa855ce3d38f67","name":"Nicolas Van Bever","image":{"@type":"ImageObject","inLanguage":"fr-FR","@id":"https:\/\/opusurbain.com\/#\/schema\/person\/image\/","url":"https:\/\/secure.gravatar.com\/avatar\/0fbc6bbadba8ae6de8d70740abeecedc609c1655c6cb13dc6f0c9f0f27967900?s=96&d=mm&r=g","contentUrl":"https:\/\/secure.gravatar.com\/avatar\/0fbc6bbadba8ae6de8d70740abeecedc609c1655c6cb13dc6f0c9f0f27967900?s=96&d=mm&r=g","caption":"Nicolas Van Bever"},"url":"https:\/\/opusurbain.com\/index.php\/author\/nicolas\/"}]}},"_links":{"self":[{"href":"https:\/\/opusurbain.com\/index.php\/wp-json\/wp\/v2\/posts\/106379","targetHints":{"allow":["GET"]}}],"collection":[{"href":"https:\/\/opusurbain.com\/index.php\/wp-json\/wp\/v2\/posts"}],"about":[{"href":"https:\/\/opusurbain.com\/index.php\/wp-json\/wp\/v2\/types\/post"}],"author":[{"embeddable":true,"href":"https:\/\/opusurbain.com\/index.php\/wp-json\/wp\/v2\/users\/4"}],"replies":[{"embeddable":true,"href":"https:\/\/opusurbain.com\/index.php\/wp-json\/wp\/v2\/comments?post=106379"}],"version-history":[{"count":0,"href":"https:\/\/opusurbain.com\/index.php\/wp-json\/wp\/v2\/posts\/106379\/revisions"}],"wp:attachment":[{"href":"https:\/\/opusurbain.com\/index.php\/wp-json\/wp\/v2\/media?parent=106379"}],"wp:term":[{"taxonomy":"category","embeddable":true,"href":"https:\/\/opusurbain.com\/index.php\/wp-json\/wp\/v2\/categories?post=106379"},{"taxonomy":"post_tag","embeddable":true,"href":"https:\/\/opusurbain.com\/index.php\/wp-json\/wp\/v2\/tags?post=106379"}],"curies":[{"name":"wp","href":"https:\/\/api.w.org\/{rel}","templated":true}]}}