{"id":104863,"date":"2023-12-11T18:40:33","date_gmt":"2023-12-11T17:40:33","guid":{"rendered":"https:\/\/opusurbain.com\/?p=104863"},"modified":"2024-01-08T18:44:54","modified_gmt":"2024-01-08T17:44:54","slug":"demarrage-du-chantier-de-requalification-de-la-rue-de-lhorloge-a-evreux","status":"publish","type":"post","link":"https:\/\/opusurbain.com\/index.php\/2023\/12\/11\/demarrage-du-chantier-de-requalification-de-la-rue-de-lhorloge-a-evreux\/","title":{"rendered":"D\u00e9marrage du chantier de requalification de la rue de l&rsquo;Horloge \u00e0 Evreux"},"content":{"rendered":"\n<figure class=\"wp-block-image size-full\"><img decoding=\"async\" width=\"1500\" height=\"863\" data-src=\"https:\/\/opusurbain.com\/wp-content\/uploads\/2024\/01\/EVR_pers-Horloge_220309-light-1.jpg\" alt=\"\" class=\"wp-image-104865 lazyload\" data-srcset=\"https:\/\/opusurbain.com\/wp-content\/uploads\/2024\/01\/EVR_pers-Horloge_220309-light-1.jpg 1500w, https:\/\/opusurbain.com\/wp-content\/uploads\/2024\/01\/EVR_pers-Horloge_220309-light-1-1280x736.jpg 1280w, https:\/\/opusurbain.com\/wp-content\/uploads\/2024\/01\/EVR_pers-Horloge_220309-light-1-980x564.jpg 980w, https:\/\/opusurbain.com\/wp-content\/uploads\/2024\/01\/EVR_pers-Horloge_220309-light-1-480x276.jpg 480w\" data-sizes=\"(min-width: 0px) and (max-width: 480px) 480px, (min-width: 481px) and (max-width: 980px) 980px, (min-width: 981px) and (max-width: 1280px) 1280px, (min-width: 1281px) 1500px, 100vw\" src=\"data:image\/svg+xml;base64,PHN2ZyB3aWR0aD0iMSIgaGVpZ2h0PSIxIiB4bWxucz0iaHR0cDovL3d3dy53My5vcmcvMjAwMC9zdmciPjwvc3ZnPg==\" style=\"--smush-placeholder-width: 1500px; --smush-placeholder-aspect-ratio: 1500\/863;\" \/><\/figure>\n","protected":false},"excerpt":{"rendered":"","protected":false},"author":4,"featured_media":0,"comment_status":"open","ping_status":"open","sticky":false,"template":"","format":"standard","meta":{"_et_pb_use_builder":"off","_et_pb_old_content":"","_et_gb_content_width":"","footnotes":""},"categories":[40],"tags":[],"class_list":["post-104863","post","type-post","status-publish","format-standard","hentry","category-news"],"yoast_head":"<!-- This site is optimized with the Yoast SEO plugin v26.7 - https:\/\/yoast.com\/wordpress\/plugins\/seo\/ -->\n<title>D\u00e9marrage du chantier de requalification de la rue de l&#039;Horloge \u00e0 Evreux - Opus Urbain<\/title>\n<meta name=\"robots\" content=\"index, follow, max-snippet:-1, max-image-preview:large, max-video-preview:-1\" \/>\n<link rel=\"canonical\" href=\"https:\/\/opusurbain.com\/index.php\/2023\/12\/11\/demarrage-du-chantier-de-requalification-de-la-rue-de-lhorloge-a-evreux\/\" \/>\n<meta property=\"og:locale\" content=\"fr_FR\" \/>\n<meta property=\"og:type\" content=\"article\" \/>\n<meta property=\"og:title\" content=\"D\u00e9marrage du chantier de requalification de la rue de l&#039;Horloge \u00e0 Evreux - Opus Urbain\" \/>\n<meta property=\"og:url\" content=\"https:\/\/opusurbain.com\/index.php\/2023\/12\/11\/demarrage-du-chantier-de-requalification-de-la-rue-de-lhorloge-a-evreux\/\" \/>\n<meta property=\"og:site_name\" content=\"Opus Urbain\" \/>\n<meta property=\"article:published_time\" content=\"2023-12-11T17:40:33+00:00\" \/>\n<meta property=\"article:modified_time\" content=\"2024-01-08T17:44:54+00:00\" \/>\n<meta property=\"og:image\" content=\"https:\/\/opusurbain.com\/wp-content\/uploads\/2024\/01\/EVR_pers-Horloge_220309-light-1.jpg\" \/>\n<meta name=\"author\" content=\"Nicolas Van Bever\" \/>\n<meta name=\"twitter:card\" content=\"summary_large_image\" \/>\n<meta name=\"twitter:label1\" content=\"\u00c9crit par\" \/>\n\t<meta name=\"twitter:data1\" content=\"Nicolas Van Bever\" \/>\n\t<meta name=\"twitter:label2\" content=\"Dur\u00e9e de lecture estim\u00e9e\" \/>\n\t<meta name=\"twitter:data2\" content=\"1 minute\" \/>\n<script type=\"application\/ld+json\" class=\"yoast-schema-graph\">{\"@context\":\"https:\/\/schema.org\",\"@graph\":[{\"@type\":\"Article\",\"@id\":\"https:\/\/opusurbain.com\/index.php\/2023\/12\/11\/demarrage-du-chantier-de-requalification-de-la-rue-de-lhorloge-a-evreux\/#article\",\"isPartOf\":{\"@id\":\"https:\/\/opusurbain.com\/index.php\/2023\/12\/11\/demarrage-du-chantier-de-requalification-de-la-rue-de-lhorloge-a-evreux\/\"},\"author\":{\"name\":\"Nicolas Van Bever\",\"@id\":\"https:\/\/opusurbain.com\/#\/schema\/person\/96961580770793f4a5fa855ce3d38f67\"},\"headline\":\"D\u00e9marrage du chantier de requalification de la rue de l&rsquo;Horloge \u00e0 Evreux\",\"datePublished\":\"2023-12-11T17:40:33+00:00\",\"dateModified\":\"2024-01-08T17:44:54+00:00\",\"mainEntityOfPage\":{\"@id\":\"https:\/\/opusurbain.com\/index.php\/2023\/12\/11\/demarrage-du-chantier-de-requalification-de-la-rue-de-lhorloge-a-evreux\/\"},\"wordCount\":12,\"commentCount\":0,\"image\":{\"@id\":\"https:\/\/opusurbain.com\/index.php\/2023\/12\/11\/demarrage-du-chantier-de-requalification-de-la-rue-de-lhorloge-a-evreux\/#primaryimage\"},\"thumbnailUrl\":\"https:\/\/opusurbain.com\/wp-content\/uploads\/2024\/01\/EVR_pers-Horloge_220309-light-1.jpg\",\"articleSection\":[\"news\"],\"inLanguage\":\"fr-FR\",\"potentialAction\":[{\"@type\":\"CommentAction\",\"name\":\"Comment\",\"target\":[\"https:\/\/opusurbain.com\/index.php\/2023\/12\/11\/demarrage-du-chantier-de-requalification-de-la-rue-de-lhorloge-a-evreux\/#respond\"]}]},{\"@type\":\"WebPage\",\"@id\":\"https:\/\/opusurbain.com\/index.php\/2023\/12\/11\/demarrage-du-chantier-de-requalification-de-la-rue-de-lhorloge-a-evreux\/\",\"url\":\"https:\/\/opusurbain.com\/index.php\/2023\/12\/11\/demarrage-du-chantier-de-requalification-de-la-rue-de-lhorloge-a-evreux\/\",\"name\":\"D\u00e9marrage du chantier de requalification de la rue de l'Horloge \u00e0 Evreux - Opus Urbain\",\"isPartOf\":{\"@id\":\"https:\/\/opusurbain.com\/#website\"},\"primaryImageOfPage\":{\"@id\":\"https:\/\/opusurbain.com\/index.php\/2023\/12\/11\/demarrage-du-chantier-de-requalification-de-la-rue-de-lhorloge-a-evreux\/#primaryimage\"},\"image\":{\"@id\":\"https:\/\/opusurbain.com\/index.php\/2023\/12\/11\/demarrage-du-chantier-de-requalification-de-la-rue-de-lhorloge-a-evreux\/#primaryimage\"},\"thumbnailUrl\":\"https:\/\/opusurbain.com\/wp-content\/uploads\/2024\/01\/EVR_pers-Horloge_220309-light-1.jpg\",\"datePublished\":\"2023-12-11T17:40:33+00:00\",\"dateModified\":\"2024-01-08T17:44:54+00:00\",\"author\":{\"@id\":\"https:\/\/opusurbain.com\/#\/schema\/person\/96961580770793f4a5fa855ce3d38f67\"},\"breadcrumb\":{\"@id\":\"https:\/\/opusurbain.com\/index.php\/2023\/12\/11\/demarrage-du-chantier-de-requalification-de-la-rue-de-lhorloge-a-evreux\/#breadcrumb\"},\"inLanguage\":\"fr-FR\",\"potentialAction\":[{\"@type\":\"ReadAction\",\"target\":[\"https:\/\/opusurbain.com\/index.php\/2023\/12\/11\/demarrage-du-chantier-de-requalification-de-la-rue-de-lhorloge-a-evreux\/\"]}]},{\"@type\":\"ImageObject\",\"inLanguage\":\"fr-FR\",\"@id\":\"https:\/\/opusurbain.com\/index.php\/2023\/12\/11\/demarrage-du-chantier-de-requalification-de-la-rue-de-lhorloge-a-evreux\/#primaryimage\",\"url\":\"https:\/\/opusurbain.com\/wp-content\/uploads\/2024\/01\/EVR_pers-Horloge_220309-light-1.jpg\",\"contentUrl\":\"https:\/\/opusurbain.com\/wp-content\/uploads\/2024\/01\/EVR_pers-Horloge_220309-light-1.jpg\",\"width\":1500,\"height\":863},{\"@type\":\"BreadcrumbList\",\"@id\":\"https:\/\/opusurbain.com\/index.php\/2023\/12\/11\/demarrage-du-chantier-de-requalification-de-la-rue-de-lhorloge-a-evreux\/#breadcrumb\",\"itemListElement\":[{\"@type\":\"ListItem\",\"position\":1,\"name\":\"Accueil\",\"item\":\"https:\/\/opusurbain.com\/\"},{\"@type\":\"ListItem\",\"position\":2,\"name\":\"D\u00e9marrage du chantier de requalification de la rue de l&rsquo;Horloge \u00e0 Evreux\"}]},{\"@type\":\"WebSite\",\"@id\":\"https:\/\/opusurbain.com\/#website\",\"url\":\"https:\/\/opusurbain.com\/\",\"name\":\"Opus Urbain\",\"description\":\"paysage\/urbanisme\/\u00e9cologie\",\"potentialAction\":[{\"@type\":\"SearchAction\",\"target\":{\"@type\":\"EntryPoint\",\"urlTemplate\":\"https:\/\/opusurbain.com\/?s={search_term_string}\"},\"query-input\":{\"@type\":\"PropertyValueSpecification\",\"valueRequired\":true,\"valueName\":\"search_term_string\"}}],\"inLanguage\":\"fr-FR\"},{\"@type\":\"Person\",\"@id\":\"https:\/\/opusurbain.com\/#\/schema\/person\/96961580770793f4a5fa855ce3d38f67\",\"name\":\"Nicolas Van Bever\",\"image\":{\"@type\":\"ImageObject\",\"inLanguage\":\"fr-FR\",\"@id\":\"https:\/\/opusurbain.com\/#\/schema\/person\/image\/\",\"url\":\"https:\/\/secure.gravatar.com\/avatar\/0fbc6bbadba8ae6de8d70740abeecedc609c1655c6cb13dc6f0c9f0f27967900?s=96&d=mm&r=g\",\"contentUrl\":\"https:\/\/secure.gravatar.com\/avatar\/0fbc6bbadba8ae6de8d70740abeecedc609c1655c6cb13dc6f0c9f0f27967900?s=96&d=mm&r=g\",\"caption\":\"Nicolas Van Bever\"},\"url\":\"https:\/\/opusurbain.com\/index.php\/author\/nicolas\/\"}]}<\/script>\n<!-- \/ Yoast SEO plugin. -->","yoast_head_json":{"title":"D\u00e9marrage du chantier de requalification de la rue de l'Horloge \u00e0 Evreux - Opus Urbain","robots":{"index":"index","follow":"follow","max-snippet":"max-snippet:-1","max-image-preview":"max-image-preview:large","max-video-preview":"max-video-preview:-1"},"canonical":"https:\/\/opusurbain.com\/index.php\/2023\/12\/11\/demarrage-du-chantier-de-requalification-de-la-rue-de-lhorloge-a-evreux\/","og_locale":"fr_FR","og_type":"article","og_title":"D\u00e9marrage du chantier de requalification de la rue de l'Horloge \u00e0 Evreux - Opus Urbain","og_url":"https:\/\/opusurbain.com\/index.php\/2023\/12\/11\/demarrage-du-chantier-de-requalification-de-la-rue-de-lhorloge-a-evreux\/","og_site_name":"Opus Urbain","article_published_time":"2023-12-11T17:40:33+00:00","article_modified_time":"2024-01-08T17:44:54+00:00","og_image":[{"url":"https:\/\/opusurbain.com\/wp-content\/uploads\/2024\/01\/EVR_pers-Horloge_220309-light-1.jpg","type":"","width":"","height":""}],"author":"Nicolas Van Bever","twitter_card":"summary_large_image","twitter_misc":{"\u00c9crit par":"Nicolas Van Bever","Dur\u00e9e de lecture estim\u00e9e":"1 minute"},"schema":{"@context":"https:\/\/schema.org","@graph":[{"@type":"Article","@id":"https:\/\/opusurbain.com\/index.php\/2023\/12\/11\/demarrage-du-chantier-de-requalification-de-la-rue-de-lhorloge-a-evreux\/#article","isPartOf":{"@id":"https:\/\/opusurbain.com\/index.php\/2023\/12\/11\/demarrage-du-chantier-de-requalification-de-la-rue-de-lhorloge-a-evreux\/"},"author":{"name":"Nicolas Van Bever","@id":"https:\/\/opusurbain.com\/#\/schema\/person\/96961580770793f4a5fa855ce3d38f67"},"headline":"D\u00e9marrage du chantier de requalification de la rue de l&rsquo;Horloge \u00e0 Evreux","datePublished":"2023-12-11T17:40:33+00:00","dateModified":"2024-01-08T17:44:54+00:00","mainEntityOfPage":{"@id":"https:\/\/opusurbain.com\/index.php\/2023\/12\/11\/demarrage-du-chantier-de-requalification-de-la-rue-de-lhorloge-a-evreux\/"},"wordCount":12,"commentCount":0,"image":{"@id":"https:\/\/opusurbain.com\/index.php\/2023\/12\/11\/demarrage-du-chantier-de-requalification-de-la-rue-de-lhorloge-a-evreux\/#primaryimage"},"thumbnailUrl":"https:\/\/opusurbain.com\/wp-content\/uploads\/2024\/01\/EVR_pers-Horloge_220309-light-1.jpg","articleSection":["news"],"inLanguage":"fr-FR","potentialAction":[{"@type":"CommentAction","name":"Comment","target":["https:\/\/opusurbain.com\/index.php\/2023\/12\/11\/demarrage-du-chantier-de-requalification-de-la-rue-de-lhorloge-a-evreux\/#respond"]}]},{"@type":"WebPage","@id":"https:\/\/opusurbain.com\/index.php\/2023\/12\/11\/demarrage-du-chantier-de-requalification-de-la-rue-de-lhorloge-a-evreux\/","url":"https:\/\/opusurbain.com\/index.php\/2023\/12\/11\/demarrage-du-chantier-de-requalification-de-la-rue-de-lhorloge-a-evreux\/","name":"D\u00e9marrage du chantier de requalification de la rue de l'Horloge \u00e0 Evreux - Opus Urbain","isPartOf":{"@id":"https:\/\/opusurbain.com\/#website"},"primaryImageOfPage":{"@id":"https:\/\/opusurbain.com\/index.php\/2023\/12\/11\/demarrage-du-chantier-de-requalification-de-la-rue-de-lhorloge-a-evreux\/#primaryimage"},"image":{"@id":"https:\/\/opusurbain.com\/index.php\/2023\/12\/11\/demarrage-du-chantier-de-requalification-de-la-rue-de-lhorloge-a-evreux\/#primaryimage"},"thumbnailUrl":"https:\/\/opusurbain.com\/wp-content\/uploads\/2024\/01\/EVR_pers-Horloge_220309-light-1.jpg","datePublished":"2023-12-11T17:40:33+00:00","dateModified":"2024-01-08T17:44:54+00:00","author":{"@id":"https:\/\/opusurbain.com\/#\/schema\/person\/96961580770793f4a5fa855ce3d38f67"},"breadcrumb":{"@id":"https:\/\/opusurbain.com\/index.php\/2023\/12\/11\/demarrage-du-chantier-de-requalification-de-la-rue-de-lhorloge-a-evreux\/#breadcrumb"},"inLanguage":"fr-FR","potentialAction":[{"@type":"ReadAction","target":["https:\/\/opusurbain.com\/index.php\/2023\/12\/11\/demarrage-du-chantier-de-requalification-de-la-rue-de-lhorloge-a-evreux\/"]}]},{"@type":"ImageObject","inLanguage":"fr-FR","@id":"https:\/\/opusurbain.com\/index.php\/2023\/12\/11\/demarrage-du-chantier-de-requalification-de-la-rue-de-lhorloge-a-evreux\/#primaryimage","url":"https:\/\/opusurbain.com\/wp-content\/uploads\/2024\/01\/EVR_pers-Horloge_220309-light-1.jpg","contentUrl":"https:\/\/opusurbain.com\/wp-content\/uploads\/2024\/01\/EVR_pers-Horloge_220309-light-1.jpg","width":1500,"height":863},{"@type":"BreadcrumbList","@id":"https:\/\/opusurbain.com\/index.php\/2023\/12\/11\/demarrage-du-chantier-de-requalification-de-la-rue-de-lhorloge-a-evreux\/#breadcrumb","itemListElement":[{"@type":"ListItem","position":1,"name":"Accueil","item":"https:\/\/opusurbain.com\/"},{"@type":"ListItem","position":2,"name":"D\u00e9marrage du chantier de requalification de la rue de l&rsquo;Horloge \u00e0 Evreux"}]},{"@type":"WebSite","@id":"https:\/\/opusurbain.com\/#website","url":"https:\/\/opusurbain.com\/","name":"Opus Urbain","description":"paysage\/urbanisme\/\u00e9cologie","potentialAction":[{"@type":"SearchAction","target":{"@type":"EntryPoint","urlTemplate":"https:\/\/opusurbain.com\/?s={search_term_string}"},"query-input":{"@type":"PropertyValueSpecification","valueRequired":true,"valueName":"search_term_string"}}],"inLanguage":"fr-FR"},{"@type":"Person","@id":"https:\/\/opusurbain.com\/#\/schema\/person\/96961580770793f4a5fa855ce3d38f67","name":"Nicolas Van Bever","image":{"@type":"ImageObject","inLanguage":"fr-FR","@id":"https:\/\/opusurbain.com\/#\/schema\/person\/image\/","url":"https:\/\/secure.gravatar.com\/avatar\/0fbc6bbadba8ae6de8d70740abeecedc609c1655c6cb13dc6f0c9f0f27967900?s=96&d=mm&r=g","contentUrl":"https:\/\/secure.gravatar.com\/avatar\/0fbc6bbadba8ae6de8d70740abeecedc609c1655c6cb13dc6f0c9f0f27967900?s=96&d=mm&r=g","caption":"Nicolas Van Bever"},"url":"https:\/\/opusurbain.com\/index.php\/author\/nicolas\/"}]}},"_links":{"self":[{"href":"https:\/\/opusurbain.com\/index.php\/wp-json\/wp\/v2\/posts\/104863","targetHints":{"allow":["GET"]}}],"collection":[{"href":"https:\/\/opusurbain.com\/index.php\/wp-json\/wp\/v2\/posts"}],"about":[{"href":"https:\/\/opusurbain.com\/index.php\/wp-json\/wp\/v2\/types\/post"}],"author":[{"embeddable":true,"href":"https:\/\/opusurbain.com\/index.php\/wp-json\/wp\/v2\/users\/4"}],"replies":[{"embeddable":true,"href":"https:\/\/opusurbain.com\/index.php\/wp-json\/wp\/v2\/comments?post=104863"}],"version-history":[{"count":0,"href":"https:\/\/opusurbain.com\/index.php\/wp-json\/wp\/v2\/posts\/104863\/revisions"}],"wp:attachment":[{"href":"https:\/\/opusurbain.com\/index.php\/wp-json\/wp\/v2\/media?parent=104863"}],"wp:term":[{"taxonomy":"category","embeddable":true,"href":"https:\/\/opusurbain.com\/index.php\/wp-json\/wp\/v2\/categories?post=104863"},{"taxonomy":"post_tag","embeddable":true,"href":"https:\/\/opusurbain.com\/index.php\/wp-json\/wp\/v2\/tags?post=104863"}],"curies":[{"name":"wp","href":"https:\/\/api.w.org\/{rel}","templated":true}]}}